{"id":12643,"date":"2022-10-21T12:25:54","date_gmt":"2022-10-21T15:25:54","guid":{"rendered":"https:\/\/balconistasa.com\/?p=12643"},"modified":"2025-02-13T19:35:20","modified_gmt":"2025-02-13T22:35:20","slug":"saiba-como-levar-a-bicicleta-no-carro-sem-infringir-a-lei","status":"publish","type":"post","link":"https:\/\/balconistasa.com\/?p=12643","title":{"rendered":"Saiba como levar a bicicleta no carro sem infringir a lei"},"content":{"rendered":"\n<p class=\"wp-block-paragraph\"><strong><em>\u00c9 fundamental saber os detalhes legais de como levar a bicicleta no carro; o transporte irregular gera multa de R$ 293,47 e 7 pontos na carteira.<\/em><\/strong><\/p>\n\n\n\n<figure class=\"wp-block-image size-full\"><img loading=\"lazy\" decoding=\"async\" width=\"800\" height=\"150\" src=\"https:\/\/balconistasa.com\/wp-content\/uploads\/2022\/10\/BSA_INDICA_CORTECO-1.jpg\" alt=\"\" class=\"wp-image-12648\" srcset=\"https:\/\/balconistasa.com\/wp-content\/uploads\/2022\/10\/BSA_INDICA_CORTECO-1.jpg 800w, https:\/\/balconistasa.com\/wp-content\/uploads\/2022\/10\/BSA_INDICA_CORTECO-1-768x144.jpg 768w\" sizes=\"auto, (max-width: 800px) 100vw, 800px\" \/><\/figure>\n\n\n\n<p class=\"wp-block-paragraph\"><\/p>\n\n\n\n<p class=\"wp-block-paragraph\">Transportar uma bicicleta no ve\u00edculo n\u00e3o \u00e9 um assunto qualquer, tanto que desde 2010 existe uma norma espec\u00edfica no Conselho Nacional de Tr\u00e2nsito (Contran), a <a href=\"https:\/\/www.gov.br\/prf\/pt-br\/concurso-2021\/resolucoes\/R349-10\">Resolu\u00e7\u00e3o 349<\/a>, que indica como o motorista deve posicionar a bike corretamente.&nbsp;<\/p>\n\n\n\n<p class=\"wp-block-paragraph\">Se a bicicleta n\u00e3o couber no porta-malas, dentro da cabine ou na traseira (em caso de picapes), ser\u00e1 necess\u00e1rio prend\u00ea-la na parte externa com um suporte espec\u00edfico.&nbsp;<\/p>\n\n\n\n<p class=\"wp-block-paragraph\">Vamos listar abaixo os tipos de suporte permitidos por lei e trazer mais informa\u00e7\u00f5es a respeito das poss\u00edveis infra\u00e7\u00f5es de tr\u00e2nsito. Boa leitura!<\/p>\n\n\n\n<h2 class=\"wp-block-heading\"><strong>Como levar a bicicleta no carro<\/strong><strong>? Veja os tipos de suporte<\/strong><\/h2>\n\n\n\n<p class=\"wp-block-paragraph\">Existem no mercado diferentes tipos de suporte que se adaptam ao modelo de cada ve\u00edculo. Confira alguns deles.<\/p>\n\n\n\n<h3 class=\"wp-block-heading\"><strong>Suporte de teto<\/strong><\/h3>\n\n\n\n<p class=\"wp-block-paragraph\">O suporte de teto \u00e9 uma das melhores op\u00e7\u00f5es no quesito visibilidade, pois n\u00e3o tampa a placa ou as luzes traseiras, nem impede o motorista de observar o tr\u00e2nsito ao redor. A desvantagem aparece na hora de estacionar em lugares fechados ou com \u00e1rvores baixas.<\/p>\n\n\n\n<p class=\"wp-block-paragraph\"><strong><em>Leia tamb\u00e9m: <a href=\"https:\/\/balconistasa.com\/bicicletas-eletricas-conheca-melhor-esse-modelo\/\">Modelos de bicicletas el\u00e9tricas<\/a>.<\/em><\/strong><\/p>\n\n\n\n<div class=\"wp-block-image\"><figure class=\"aligncenter size-full\"><img loading=\"lazy\" decoding=\"async\" width=\"768\" height=\"512\" src=\"https:\/\/balconistasa.com\/wp-content\/uploads\/2022\/10\/IMAGEM_2-2.jpg\" alt=\"Suporte de teto para bicicleta\" class=\"wp-image-12644\" title=\"Suporte de teto para bicicleta\"\/><\/figure><\/div>\n\n\n\n<h3 class=\"wp-block-heading\"><strong>Suporte traseiro<\/strong><\/h3>\n\n\n\n<p class=\"wp-block-paragraph\">Pr\u00f3prio para o porta-malas, este tipo de suporte costuma ser mais barato e pr\u00e1tico de instalar, mas pode atrapalhar a visibilidade do condutor. Por isso, \u00e9 necess\u00e1rio mont\u00e1-lo conforme as leis de tr\u00e2nsito, algo que detalharemos mais \u00e0 frente.<\/p>\n\n\n\n<div class=\"wp-block-image\"><figure class=\"aligncenter size-full\"><img loading=\"lazy\" decoding=\"async\" width=\"768\" height=\"512\" src=\"https:\/\/balconistasa.com\/wp-content\/uploads\/2022\/10\/IMAGEM_1-2.jpg\" alt=\"Suporte traseiro\" class=\"wp-image-12645\" title=\"Suporte traseiro\"\/><\/figure><\/div>\n\n\n\n<p class=\"wp-block-paragraph\"><\/p>\n\n\n\n<h3 class=\"wp-block-heading\"><strong>Suporte de engate<\/strong><\/h3>\n\n\n\n<p class=\"wp-block-paragraph\">Destacamos agora o engate de reboque, que oferece a possibilidade de transportar a bicicleta mais afastada do ve\u00edculo, sem arranh\u00e1-lo e sem atrapalhar a vis\u00e3o do motorista.<\/p>\n\n\n\n<p class=\"wp-block-paragraph\">Por\u00e9m, este tipo de suporte n\u00e3o \u00e9 permitido a todos os ve\u00edculos. Os que podem utiliz\u00e1-lo precisam de autoriza\u00e7\u00e3o no Detran, al\u00e9m de uma nova placa.<\/p>\n\n\n\n<p class=\"wp-block-paragraph\"><strong><em>Leia tamb\u00e9m: <a href=\"https:\/\/balconistasa.com\/suspensao-da-bicicleta-do-que-e-formada-e-quais-sao-os-tipos\/\">Tipos de suspens\u00e3o para bicicleta<\/a>.<\/em><\/strong><\/p>\n\n\n\n<div class=\"wp-block-image\"><figure class=\"aligncenter size-full\"><img loading=\"lazy\" decoding=\"async\" width=\"768\" height=\"512\" src=\"https:\/\/balconistasa.com\/wp-content\/uploads\/2022\/10\/IMAGEM_4-1.jpg\" alt=\"Como levar a bicicleta no carro? O suporte de engate \u00e9 uma op\u00e7\u00e3o eficaz.\" class=\"wp-image-12646\" title=\"Como levar a bicicleta no carro? O suporte de engate \u00e9 uma op\u00e7\u00e3o eficaz.\"\/><\/figure><\/div>\n\n\n\n<p class=\"wp-block-paragraph\"><\/p>\n\n\n\n<h2 class=\"wp-block-heading\"><strong>Cuidado com a legisla\u00e7\u00e3o<\/strong><\/h2>\n\n\n\n<p class=\"wp-block-paragraph\">De acordo com o Contran, os limites de dimens\u00f5es e peso para o transporte de bicicletas s\u00e3o estes:<\/p>\n\n\n\n<ul class=\"wp-block-list\"><li>Placas e luzes n\u00e3o podem ser cobertas;<\/li><li>A visibilidade do motorista n\u00e3o pode ser comprometida;<\/li><li>A bicicleta n\u00e3o pode exceder a altura de 50 cm, nem a largura do carro;<\/li><li>Ela deve estar bem presa, e os acess\u00f3rios delas, firmemente ancorados.<\/li><\/ul>\n\n\n\n<p class=\"wp-block-paragraph\">Os acess\u00f3rios de transporte tamb\u00e9m devem estar homologados e em conformidade com as normas do Contran. Vale refor\u00e7ar que, caso haja espa\u00e7o para transportar a bike dentro do ve\u00edculo, n\u00e3o h\u00e1 irregularidade na a\u00e7\u00e3o.&nbsp;<\/p>\n\n\n\n<p class=\"wp-block-paragraph\">Agora que voc\u00ea j\u00e1 sabe como levar a bicicleta no carro, lembre-se que o transporte irregular acarreta em multa para o motorista no valor de R$ 293,47 e 7 pontos na carteira.<\/p>\n","protected":false},"excerpt":{"rendered":"<p>&Eacute; fundamental saber os detalhes legais de como levar a bicicleta no carro; o transporte irregular gera multa de R$ 293,47 e 7 pontos na carteira. Transportar uma bicicleta no ve&iacute;culo n&atilde;o &eacute; um assunto qualquer, tanto que desde 2010 existe uma norma espec&iacute;fica no Conselho Nacional de Tr&acirc;nsito (Contran), a Resolu&ccedil;&atilde;o 349, que indica [&hellip;]<\/p>\n","protected":false},"author":1,"featured_media":12647,"comment_status":"closed","ping_status":"closed","sticky":false,"template":"","format":"standard","meta":{"footnotes":""},"categories":[65],"tags":[1066,1384,1383],"class_list":["post-12643","post","type-post","status-publish","format-standard","has-post-thumbnail","hentry","category-tempo-livre","tag-bicicleta","tag-bike","tag-transporte-de-bicicleta"],"yoast_head":"<!-- This site is optimized with the Yoast SEO plugin v28.3 - https:\/\/yoast.com\/product\/yoast-seo-wordpress\/ -->\n<title>Saiba como levar a bicicleta no carro sem infringir a lei - Balconista<\/title>\n<meta name=\"description\" content=\"Saber como levar a bicicleta no carro \u00e9 fundamental para garantir sua seguran\u00e7a e n\u00e3o ter problemas com multa.\" \/>\n<meta name=\"robots\" content=\"index, follow, max-snippet:-1, max-image-preview:large, max-video-preview:-1\" \/>\n<link rel=\"canonical\" href=\"https:\/\/balconistasa.com\/?p=12643\" \/>\n<meta property=\"og:locale\" content=\"pt_BR\" \/>\n<meta property=\"og:type\" content=\"article\" \/>\n<meta property=\"og:title\" content=\"Saiba como levar a bicicleta no carro sem infringir a lei - Balconista\" \/>\n<meta property=\"og:description\" content=\"Saber como levar a bicicleta no carro \u00e9 fundamental para garantir sua seguran\u00e7a e n\u00e3o ter problemas com multa.\" \/>\n<meta property=\"og:url\" content=\"https:\/\/balconistasa.com\/?p=12643\" \/>\n<meta property=\"og:site_name\" content=\"Balconista\" \/>\n<meta property=\"article:published_time\" content=\"2022-10-21T15:25:54+00:00\" \/>\n<meta property=\"article:modified_time\" content=\"2025-02-13T22:35:20+00:00\" \/>\n<meta property=\"og:image\" content=\"https:\/\/balconistasa.com\/wp-content\/uploads\/2022\/10\/HEADER-2.jpg\" \/>\n\t<meta property=\"og:image:width\" content=\"768\" \/>\n\t<meta property=\"og:image:height\" content=\"506\" \/>\n\t<meta property=\"og:image:type\" content=\"image\/jpeg\" \/>\n<meta name=\"author\" content=\"Admin\" \/>\n<meta name=\"twitter:card\" content=\"summary_large_image\" \/>\n<meta name=\"twitter:label1\" content=\"Escrito por\" \/>\n\t<meta name=\"twitter:data1\" content=\"Admin\" \/>\n\t<meta name=\"twitter:label2\" content=\"Est. tempo de leitura\" \/>\n\t<meta name=\"twitter:data2\" content=\"4 minutos\" \/>\n<script type=\"application\/ld+json\" class=\"yoast-schema-graph\">{\"@context\":\"https:\\\/\\\/schema.org\",\"@graph\":[{\"@type\":\"Article\",\"@id\":\"https:\\\/\\\/balconistasa.com\\\/?p=12643#article\",\"isPartOf\":{\"@id\":\"https:\\\/\\\/balconistasa.com\\\/?p=12643\"},\"author\":{\"name\":\"Admin\",\"@id\":\"https:\\\/\\\/balconistasa.com\\\/#\\\/schema\\\/person\\\/f93be719efd3fa9c50eeb2fc62216e7e\"},\"headline\":\"Saiba como levar a bicicleta no carro sem infringir a lei\",\"datePublished\":\"2022-10-21T15:25:54+00:00\",\"dateModified\":\"2025-02-13T22:35:20+00:00\",\"mainEntityOfPage\":{\"@id\":\"https:\\\/\\\/balconistasa.com\\\/?p=12643\"},\"wordCount\":479,\"image\":{\"@id\":\"https:\\\/\\\/balconistasa.com\\\/?p=12643#primaryimage\"},\"thumbnailUrl\":\"https:\\\/\\\/balconistasa.com\\\/wp-content\\\/uploads\\\/2022\\\/10\\\/HEADER-2.jpg\",\"keywords\":[\"bicicleta\",\"bike\",\"transporte de bicicleta\"],\"articleSection\":[\"Tempo Livre\"],\"inLanguage\":\"pt-BR\"},{\"@type\":\"WebPage\",\"@id\":\"https:\\\/\\\/balconistasa.com\\\/?p=12643\",\"url\":\"https:\\\/\\\/balconistasa.com\\\/?p=12643\",\"name\":\"Saiba como levar a bicicleta no carro sem infringir a lei - Balconista\",\"isPartOf\":{\"@id\":\"https:\\\/\\\/balconistasa.com\\\/#website\"},\"primaryImageOfPage\":{\"@id\":\"https:\\\/\\\/balconistasa.com\\\/?p=12643#primaryimage\"},\"image\":{\"@id\":\"https:\\\/\\\/balconistasa.com\\\/?p=12643#primaryimage\"},\"thumbnailUrl\":\"https:\\\/\\\/balconistasa.com\\\/wp-content\\\/uploads\\\/2022\\\/10\\\/HEADER-2.jpg\",\"datePublished\":\"2022-10-21T15:25:54+00:00\",\"dateModified\":\"2025-02-13T22:35:20+00:00\",\"author\":{\"@id\":\"https:\\\/\\\/balconistasa.com\\\/#\\\/schema\\\/person\\\/f93be719efd3fa9c50eeb2fc62216e7e\"},\"description\":\"Saber como levar a bicicleta no carro \u00e9 fundamental para garantir sua seguran\u00e7a e n\u00e3o ter problemas com multa.\",\"breadcrumb\":{\"@id\":\"https:\\\/\\\/balconistasa.com\\\/?p=12643#breadcrumb\"},\"inLanguage\":\"pt-BR\",\"potentialAction\":[{\"@type\":\"ReadAction\",\"target\":[\"https:\\\/\\\/balconistasa.com\\\/?p=12643\"]}]},{\"@type\":\"ImageObject\",\"inLanguage\":\"pt-BR\",\"@id\":\"https:\\\/\\\/balconistasa.com\\\/?p=12643#primaryimage\",\"url\":\"https:\\\/\\\/balconistasa.com\\\/wp-content\\\/uploads\\\/2022\\\/10\\\/HEADER-2.jpg\",\"contentUrl\":\"https:\\\/\\\/balconistasa.com\\\/wp-content\\\/uploads\\\/2022\\\/10\\\/HEADER-2.jpg\",\"width\":768,\"height\":506,\"caption\":\"Como levar a bicicleta no carro\"},{\"@type\":\"BreadcrumbList\",\"@id\":\"https:\\\/\\\/balconistasa.com\\\/?p=12643#breadcrumb\",\"itemListElement\":[{\"@type\":\"ListItem\",\"position\":1,\"name\":\"In\u00edcio\",\"item\":\"https:\\\/\\\/balconistasa.com\\\/\"},{\"@type\":\"ListItem\",\"position\":2,\"name\":\"Saiba como levar a bicicleta no carro sem infringir a lei\"}]},{\"@type\":\"WebSite\",\"@id\":\"https:\\\/\\\/balconistasa.com\\\/#website\",\"url\":\"https:\\\/\\\/balconistasa.com\\\/\",\"name\":\"Balconista\",\"description\":\"SA\",\"potentialAction\":[{\"@type\":\"SearchAction\",\"target\":{\"@type\":\"EntryPoint\",\"urlTemplate\":\"https:\\\/\\\/balconistasa.com\\\/?s={search_term_string}\"},\"query-input\":{\"@type\":\"PropertyValueSpecification\",\"valueRequired\":true,\"valueName\":\"search_term_string\"}}],\"inLanguage\":\"pt-BR\"},{\"@type\":\"Person\",\"@id\":\"https:\\\/\\\/balconistasa.com\\\/#\\\/schema\\\/person\\\/f93be719efd3fa9c50eeb2fc62216e7e\",\"name\":\"Admin\",\"image\":{\"@type\":\"ImageObject\",\"inLanguage\":\"pt-BR\",\"@id\":\"https:\\\/\\\/secure.gravatar.com\\\/avatar\\\/02f20a197da94bfc36d6f6bbf36cdb558a6889147631217c0e55661d94f5feb1?s=96&d=mm&r=g\",\"url\":\"https:\\\/\\\/secure.gravatar.com\\\/avatar\\\/02f20a197da94bfc36d6f6bbf36cdb558a6889147631217c0e55661d94f5feb1?s=96&d=mm&r=g\",\"contentUrl\":\"https:\\\/\\\/secure.gravatar.com\\\/avatar\\\/02f20a197da94bfc36d6f6bbf36cdb558a6889147631217c0e55661d94f5feb1?s=96&d=mm&r=g\",\"caption\":\"Admin\"},\"sameAs\":[\"https:\\\/\\\/balconistasa.com\"],\"url\":\"https:\\\/\\\/balconistasa.com\\\/?author=1\"}]}<\/script>\n<!-- \/ Yoast SEO plugin. -->","yoast_head_json":{"title":"Saiba como levar a bicicleta no carro sem infringir a lei - Balconista","description":"Saber como levar a bicicleta no carro \u00e9 fundamental para garantir sua seguran\u00e7a e n\u00e3o ter problemas com multa.","robots":{"index":"index","follow":"follow","max-snippet":"max-snippet:-1","max-image-preview":"max-image-preview:large","max-video-preview":"max-video-preview:-1"},"canonical":"https:\/\/balconistasa.com\/?p=12643","og_locale":"pt_BR","og_type":"article","og_title":"Saiba como levar a bicicleta no carro sem infringir a lei - Balconista","og_description":"Saber como levar a bicicleta no carro \u00e9 fundamental para garantir sua seguran\u00e7a e n\u00e3o ter problemas com multa.","og_url":"https:\/\/balconistasa.com\/?p=12643","og_site_name":"Balconista","article_published_time":"2022-10-21T15:25:54+00:00","article_modified_time":"2025-02-13T22:35:20+00:00","og_image":[{"width":768,"height":506,"url":"https:\/\/balconistasa.com\/wp-content\/uploads\/2022\/10\/HEADER-2.jpg","type":"image\/jpeg"}],"author":"Admin","twitter_card":"summary_large_image","twitter_misc":{"Escrito por":"Admin","Est. tempo de leitura":"4 minutos"},"schema":{"@context":"https:\/\/schema.org","@graph":[{"@type":"Article","@id":"https:\/\/balconistasa.com\/?p=12643#article","isPartOf":{"@id":"https:\/\/balconistasa.com\/?p=12643"},"author":{"name":"Admin","@id":"https:\/\/balconistasa.com\/#\/schema\/person\/f93be719efd3fa9c50eeb2fc62216e7e"},"headline":"Saiba como levar a bicicleta no carro sem infringir a lei","datePublished":"2022-10-21T15:25:54+00:00","dateModified":"2025-02-13T22:35:20+00:00","mainEntityOfPage":{"@id":"https:\/\/balconistasa.com\/?p=12643"},"wordCount":479,"image":{"@id":"https:\/\/balconistasa.com\/?p=12643#primaryimage"},"thumbnailUrl":"https:\/\/balconistasa.com\/wp-content\/uploads\/2022\/10\/HEADER-2.jpg","keywords":["bicicleta","bike","transporte de bicicleta"],"articleSection":["Tempo Livre"],"inLanguage":"pt-BR"},{"@type":"WebPage","@id":"https:\/\/balconistasa.com\/?p=12643","url":"https:\/\/balconistasa.com\/?p=12643","name":"Saiba como levar a bicicleta no carro sem infringir a lei - Balconista","isPartOf":{"@id":"https:\/\/balconistasa.com\/#website"},"primaryImageOfPage":{"@id":"https:\/\/balconistasa.com\/?p=12643#primaryimage"},"image":{"@id":"https:\/\/balconistasa.com\/?p=12643#primaryimage"},"thumbnailUrl":"https:\/\/balconistasa.com\/wp-content\/uploads\/2022\/10\/HEADER-2.jpg","datePublished":"2022-10-21T15:25:54+00:00","dateModified":"2025-02-13T22:35:20+00:00","author":{"@id":"https:\/\/balconistasa.com\/#\/schema\/person\/f93be719efd3fa9c50eeb2fc62216e7e"},"description":"Saber como levar a bicicleta no carro \u00e9 fundamental para garantir sua seguran\u00e7a e n\u00e3o ter problemas com multa.","breadcrumb":{"@id":"https:\/\/balconistasa.com\/?p=12643#breadcrumb"},"inLanguage":"pt-BR","potentialAction":[{"@type":"ReadAction","target":["https:\/\/balconistasa.com\/?p=12643"]}]},{"@type":"ImageObject","inLanguage":"pt-BR","@id":"https:\/\/balconistasa.com\/?p=12643#primaryimage","url":"https:\/\/balconistasa.com\/wp-content\/uploads\/2022\/10\/HEADER-2.jpg","contentUrl":"https:\/\/balconistasa.com\/wp-content\/uploads\/2022\/10\/HEADER-2.jpg","width":768,"height":506,"caption":"Como levar a bicicleta no carro"},{"@type":"BreadcrumbList","@id":"https:\/\/balconistasa.com\/?p=12643#breadcrumb","itemListElement":[{"@type":"ListItem","position":1,"name":"In\u00edcio","item":"https:\/\/balconistasa.com\/"},{"@type":"ListItem","position":2,"name":"Saiba como levar a bicicleta no carro sem infringir a lei"}]},{"@type":"WebSite","@id":"https:\/\/balconistasa.com\/#website","url":"https:\/\/balconistasa.com\/","name":"Balconista","description":"SA","potentialAction":[{"@type":"SearchAction","target":{"@type":"EntryPoint","urlTemplate":"https:\/\/balconistasa.com\/?s={search_term_string}"},"query-input":{"@type":"PropertyValueSpecification","valueRequired":true,"valueName":"search_term_string"}}],"inLanguage":"pt-BR"},{"@type":"Person","@id":"https:\/\/balconistasa.com\/#\/schema\/person\/f93be719efd3fa9c50eeb2fc62216e7e","name":"Admin","image":{"@type":"ImageObject","inLanguage":"pt-BR","@id":"https:\/\/secure.gravatar.com\/avatar\/02f20a197da94bfc36d6f6bbf36cdb558a6889147631217c0e55661d94f5feb1?s=96&d=mm&r=g","url":"https:\/\/secure.gravatar.com\/avatar\/02f20a197da94bfc36d6f6bbf36cdb558a6889147631217c0e55661d94f5feb1?s=96&d=mm&r=g","contentUrl":"https:\/\/secure.gravatar.com\/avatar\/02f20a197da94bfc36d6f6bbf36cdb558a6889147631217c0e55661d94f5feb1?s=96&d=mm&r=g","caption":"Admin"},"sameAs":["https:\/\/balconistasa.com"],"url":"https:\/\/balconistasa.com\/?author=1"}]}},"jetpack_featured_media_url":"https:\/\/balconistasa.com\/wp-content\/uploads\/2022\/10\/HEADER-2.jpg","_links":{"self":[{"href":"https:\/\/balconistasa.com\/index.php?rest_route=\/wp\/v2\/posts\/12643","targetHints":{"allow":["GET"]}}],"collection":[{"href":"https:\/\/balconistasa.com\/index.php?rest_route=\/wp\/v2\/posts"}],"about":[{"href":"https:\/\/balconistasa.com\/index.php?rest_route=\/wp\/v2\/types\/post"}],"author":[{"embeddable":true,"href":"https:\/\/balconistasa.com\/index.php?rest_route=\/wp\/v2\/users\/1"}],"replies":[{"embeddable":true,"href":"https:\/\/balconistasa.com\/index.php?rest_route=%2Fwp%2Fv2%2Fcomments&post=12643"}],"version-history":[{"count":1,"href":"https:\/\/balconistasa.com\/index.php?rest_route=\/wp\/v2\/posts\/12643\/revisions"}],"predecessor-version":[{"id":12649,"href":"https:\/\/balconistasa.com\/index.php?rest_route=\/wp\/v2\/posts\/12643\/revisions\/12649"}],"wp:featuredmedia":[{"embeddable":true,"href":"https:\/\/balconistasa.com\/index.php?rest_route=\/wp\/v2\/media\/12647"}],"wp:attachment":[{"href":"https:\/\/balconistasa.com\/index.php?rest_route=%2Fwp%2Fv2%2Fmedia&parent=12643"}],"wp:term":[{"taxonomy":"category","embeddable":true,"href":"https:\/\/balconistasa.com\/index.php?rest_route=%2Fwp%2Fv2%2Fcategories&post=12643"},{"taxonomy":"post_tag","embeddable":true,"href":"https:\/\/balconistasa.com\/index.php?rest_route=%2Fwp%2Fv2%2Ftags&post=12643"}],"curies":[{"name":"wp","href":"https:\/\/api.w.org\/{rel}","templated":true}]}}