{"id":13545,"date":"2024-06-11T15:52:11","date_gmt":"2024-06-11T18:52:11","guid":{"rendered":"https:\/\/balconistasa.com\/?p=13545"},"modified":"2024-06-11T16:28:08","modified_gmt":"2024-06-11T19:28:08","slug":"suspensao-do-ford-mustang-gtd-e-obra-de-arte-e-ganha-vitrine-na-cabine","status":"publish","type":"post","link":"https:\/\/balconistasa.com\/?p=13545","title":{"rendered":"Suspens\u00e3o do Ford Mustang GTD \u00e9 obra de arte e ganha vitrine na cabine"},"content":{"rendered":"\n<div class=\"wp-block-image\"><figure class=\"aligncenter size-full\"><img loading=\"lazy\" decoding=\"async\" width=\"694\" height=\"134\" src=\"https:\/\/balconistasa.com\/wp-content\/uploads\/2024\/04\/BSA_REGUA_LOGOS_ABRIL_2024.png\" alt=\"\" class=\"wp-image-13442\"\/><\/figure><\/div>\n\n\n\n<p class=\"wp-block-paragraph\">Vers\u00e3o mais potente do esportivo j\u00e1 homologada para as ruas, o novo Mustang GTD tem motor V8 5.2 de mais de 800 cv e tamb\u00e9m traz o estado da arte da tecnologia de suspens\u00e3o. Para que todos possam admirar essa obra de arte em funcionamento, os designers criaram uma janela especial na cabine.<\/p>\n\n\n\n<p class=\"wp-block-paragraph\">\u201cA suspens\u00e3o traseira do Mustang GTD foi projetada para a performance, mas tamb\u00e9m \u00e9 algo lindo de se ver e seria uma pena escond\u00ea-la\u201d, explica Jim Owens, gerente de marketing do Mustang GTD. \u201cCom essa janela, \u00e9 poss\u00edvel literalmente ver a suspens\u00e3o em a\u00e7\u00e3o e admirar os detalhes em azul e dourado dos amortecedores.\u201d<\/p>\n\n\n\n<div class=\"wp-block-image\"><figure class=\"aligncenter size-full\"><a href=\"https:\/\/balconistasa.com\/wp-content\/uploads\/2024\/06\/Ford-Mustang-GTD_Janela-suspensao-4-e1718131737846.jpg\" target=\"_blank\" rel=\"noopener\"><img loading=\"lazy\" decoding=\"async\" width=\"1200\" height=\"620\" src=\"https:\/\/balconistasa.com\/wp-content\/uploads\/2024\/06\/Ford-Mustang-GTD_Janela-suspensao-4-e1718131737846.jpg\" alt=\"\" class=\"wp-image-13550\"\/><\/a><\/figure><\/div>\n\n\n\n<p class=\"wp-block-paragraph\">Com cerca de 60 cent\u00edmetros de largura por 25 cent\u00edmetros de altura, essa vitrine feita de policarbonato com revestimento resistente a arranh\u00f5es permite observar a engenharia refinada do sistema, trabalhando como um rel\u00f3gio de precis\u00e3o, tanto estando dentro como fora da cabine. \u201cCom um carro t\u00e3o capaz como o Mustang GTD, tivemos de fazer algo que fosse simplesmente legal e que os donos gostassem\u201d, diz Owens.<\/p>\n\n\n\n<figure class=\"wp-block-gallery aligncenter has-nested-images columns-default is-cropped wp-block-gallery-1 is-layout-flex wp-block-gallery-is-layout-flex\">\n<figure class=\"wp-block-image size-large\"><a href=\"https:\/\/balconistasa.com\/?attachment_id=13549\"><img loading=\"lazy\" decoding=\"async\" width=\"1200\" height=\"672\" data-id=\"13549\" src=\"https:\/\/balconistasa.com\/wp-content\/uploads\/2024\/06\/Ford-Mustang-GTD_Janela-suspensao-2.jpg\" alt=\"\" class=\"wp-image-13549\" srcset=\"https:\/\/balconistasa.com\/wp-content\/uploads\/2024\/06\/Ford-Mustang-GTD_Janela-suspensao-2.jpg 1200w, https:\/\/balconistasa.com\/wp-content\/uploads\/2024\/06\/Ford-Mustang-GTD_Janela-suspensao-2-768x430.jpg 768w\" sizes=\"auto, (max-width: 1200px) 100vw, 1200px\" \/><\/a><\/figure>\n\n\n\n<figure class=\"wp-block-image size-large\"><a href=\"https:\/\/balconistasa.com\/?attachment_id=13548\"><img loading=\"lazy\" decoding=\"async\" width=\"1200\" height=\"692\" data-id=\"13548\" src=\"https:\/\/balconistasa.com\/wp-content\/uploads\/2024\/06\/Ford-Mustang-GTD_Janela-suspensao-1-e1718131711135.jpg\" alt=\"\" class=\"wp-image-13548\"\/><\/a><figcaption>Preproduction vehicle shown. Actual production vehicle may vary. Projected availability late 2024\/early 2025. Very limited availability. Inquiry does not guarantee ability to purchase.<\/figcaption><\/figure>\n<\/figure>\n\n\n\n<p class=\"wp-block-paragraph\"><strong>Tecnologia das pistas<\/strong><\/p>\n\n\n\n<p class=\"wp-block-paragraph\">Assim como a aerodin\u00e2mica ativa, a carroceria de fibra de carbono, as rodas de magn\u00e9sio e o eixo de transmiss\u00e3o traseiro, a suspens\u00e3o semiativa do Ford Mustang GTD 2025 \u00e9 um exemplo de como a Ford est\u00e1 usando o aprendizado das pistas para aprimorar seus ve\u00edculos de rua.<\/p>\n\n\n\n<p class=\"wp-block-paragraph\">\u201cNunca fizemos uma suspens\u00e3o como essa no Mustang\u201d, diz Greg Goodall, engenheiro-chefe do programa Mustang GTD. \u201cPara atender as metas agressivas de tempo de volta que estabelecemos, buscamos inspira\u00e7\u00e3o nas corridas para fazer algo realmente avan\u00e7ado. Essa suspens\u00e3o de \u00faltima gera\u00e7\u00e3o \u00e9 fundamental para transformar um Mustang num Mustang GTD.\u201d<\/p>\n\n\n\n<h4 class=\"wp-block-heading\">Veja tamb\u00e9m:<\/h4>\n\n\n\n<p class=\"wp-block-paragraph\"><a href=\"https:\/\/balconistasa.com\/descubra-a-qualidade-motorcraft\/\" target=\"_blank\" rel=\"noreferrer noopener\"><strong>Descubra a qualidade Motorcraft\u00ae<\/strong><\/a><\/p>\n\n\n\n<p class=\"wp-block-paragraph\"><a href=\"https:\/\/balconistasa.com\/ford-inova-ao-usar-residuos-de-oliveira-na-criacao-de-pecas-eco-friendly\/\" target=\"_blank\" rel=\"noreferrer noopener\">F<strong>ord inova ao usar res\u00edduos de oliveira na cria\u00e7\u00e3o de pe\u00e7as \u2018eco-friendly\u2019<\/strong><\/a><\/p>\n\n\n\n<p class=\"wp-block-paragraph\">Na suspens\u00e3o traseira do Mustang GTD, os amortecedores e as molas ficam baixos e entre as rodas traseiras, em vez de alinhados e acima delas. Ela tem um subquadro tubular forte, r\u00edgido e eficiente em termos de peso, e amortecedores Adaptive Spool Valve (ASV) da Multimatic que v\u00e3o al\u00e9m do permitido nas competi\u00e7\u00f5es.<\/p>\n\n\n\n<p class=\"wp-block-paragraph\">Capazes de passar da configura\u00e7\u00e3o mais suave para a mais firme em apenas 15 milissegundos \u2013 seis vezes mais r\u00e1pido que o piscar do olho humano \u2013 os amortecedores ASV adaptam-se continuamente com base no modo de condu\u00e7\u00e3o, na superf\u00edcie da estrada e nas informa\u00e7\u00f5es do motorista para maximizar o contato dos pneus Michelin com o piso.<\/p>\n\n\n\n<div class=\"wp-block-image\"><figure class=\"aligncenter size-full\"><a href=\"https:\/\/balconistasa.com\/wp-content\/uploads\/2024\/06\/Ford-Mustang-GTD_Roda-traseira-5-e1718131647672.jpg\"><img loading=\"lazy\" decoding=\"async\" width=\"1200\" height=\"672\" src=\"https:\/\/balconistasa.com\/wp-content\/uploads\/2024\/06\/Ford-Mustang-GTD_Roda-traseira-5-e1718131647672.jpg\" alt=\"\" class=\"wp-image-13547\"\/><\/a><\/figure><\/div>\n\n\n\n<p class=\"wp-block-paragraph\">Cada amortecedor possui duas molas e, ao dirigir na rua, elas trabalham juntas para aumentar o conforto. Ativando o modo Pista, uma das molas \u00e9 comprimida hidraulicamente, quase dobrando a rela\u00e7\u00e3o total e rebaixando o ve\u00edculo cerca de 40 mil\u00edmetros para otimizar o desempenho na pista. As taxas de mola mais firmes ajudam a manter a \u00e1rea de contato dos pneus com o piso nas acelera\u00e7\u00f5es, frenagens e curvas, enquanto a aerodin\u00e2mica ativa aumenta o downforce em altas velocidades.<\/p>\n\n\n\n<p class=\"wp-block-paragraph\">O Mustang GTD estreia nas 24 Horas de Le Mans, em junho, participando depois das 24 Horas de Spa e do Festival de Velocidade de Goodwood. Ele tamb\u00e9m far\u00e1 este ano uma volta oficial cronometrada em Nurburgring, na Alemanha, buscando um tempo abaixo de sete minutos.<\/p>\n\n\n\n<p class=\"has-small-font-size wp-block-paragraph\"><strong>Sobre a Ford Motor Company<\/strong><\/p>\n\n\n\n<p class=\"has-small-font-size wp-block-paragraph\">A Ford Motor Company \u00e9 uma companhia global sediada em Dearborn, Michigan, que est\u00e1 comprometida em ajudar a construir um mundo melhor, onde cada pessoa seja livre para se mover e buscar os seus sonhos. O plano Ford+ da empresa para o crescimento e cria\u00e7\u00e3o de valor combina suas for\u00e7as existentes, novas capacidades e o relacionamento sempre ativo com os clientes para enriquecer suas experi\u00eancias e aprofundar sua lealdade. A empresa desenvolve e fornece picapes, utilit\u00e1rios esportivos, vans e ve\u00edculos comerciais inovadores da Ford e ve\u00edculos de luxo da Lincoln, al\u00e9m de servi\u00e7os conectados. A empresa faz isso por meio de tr\u00eas segmentos de neg\u00f3cios centrados no cliente: Ford Blue, projetando ve\u00edculos ic\u00f4nicos a gasolina e h\u00edbridos; Ford Model e, inventando ve\u00edculos el\u00e9tricos inovadores junto com software integrado para trazer experi\u00eancias digitais excepcionais para todos os clientes; e Ford Pro, ajudando clientes comerciais a transformar e expandir seus neg\u00f3cios com ve\u00edculos e servi\u00e7os projetados para as suas necessidades. Al\u00e9m disso, a Ford fornece servi\u00e7os financeiros por meio da Ford Motor Credit Company.<\/p>\n\n\n\n<p class=\"has-small-font-size wp-block-paragraph\"><strong>Sobre a Ford Performance<\/strong><\/p>\n\n\n\n<p class=\"has-small-font-size wp-block-paragraph\">A Ford Performance est\u00e1 sediada em Dearborn, Michigan. \u00c9 respons\u00e1vel pelo desenvolvimento de ve\u00edculos de alto desempenho da Ford e pelas principais opera\u00e7\u00f5es de corrida em todo o mundo, incluindo NASCAR, IMSA, SRO British GT, FIA World Rally Championship, Supercars Championship, World of Outlaws, Ultra4, SCORE-International, FIA Rally-Raid, F\u00f3rmula Drift, NHRA, Rebelle Rally, Tail\u00e2ndia Super Series e nosso mais recente compromisso na F\u00f3rmula 1 com a RedBull Ford Powertrains. A Ford Performance tamb\u00e9m mant\u00e9m uma frota em constante evolu\u00e7\u00e3o de ve\u00edculos de desempenho el\u00e9tricos de demonstra\u00e7\u00e3o para mostrar os limites da tecnologia de eletrifica\u00e7\u00e3o. Al\u00e9m disso, a organiza\u00e7\u00e3o tamb\u00e9m supervisiona o desenvolvimento dos motores de corrida da Ford, bem como os programas de divulga\u00e7\u00e3o com todos os Clubes Ford e entusiastas da Ford. Para mais informa\u00e7\u00f5es sobre as atividades da Ford Racing, visite&nbsp;<a href=\"https:\/\/performance.ford.com\/\" target=\"_blank\" rel=\"noreferrer noopener\">Performance.Ford.com\/<\/a>&nbsp;ou siga @FordPerformance no Facebook, Instagram, Threads, Twitter, TikTok e YouTube.<\/p>\n","protected":false},"excerpt":{"rendered":"<p>Vers&atilde;o mais potente do esportivo j&aacute; homologada para as ruas, o novo Mustang GTD tem motor V8 5.2 de mais de 800 cv e tamb&eacute;m traz o estado da arte da tecnologia de suspens&atilde;o. Para que todos possam admirar essa obra de arte em funcionamento, os designers criaram uma janela especial na cabine. &ldquo;A suspens&atilde;o [&hellip;]<\/p>\n","protected":false},"author":9,"featured_media":13546,"comment_status":"closed","ping_status":"closed","sticky":true,"template":"","format":"standard","meta":{"footnotes":""},"categories":[68,335,65],"tags":[122,89,340,358],"class_list":["post-13545","post","type-post","status-publish","format-standard","has-post-thumbnail","hentry","category-autopecas","category-galeria","category-tempo-livre","tag-amortecedor","tag-ford","tag-mustang","tag-suspensao"],"yoast_head":"<!-- This site is optimized with the Yoast SEO plugin v28.4 - https:\/\/yoast.com\/product\/yoast-seo-wordpress\/ -->\n<title>Suspens\u00e3o do Ford Mustang GTD \u00e9 obra de arte - Balconista<\/title>\n<meta name=\"robots\" content=\"index, follow, max-snippet:-1, max-image-preview:large, max-video-preview:-1\" \/>\n<link rel=\"canonical\" href=\"https:\/\/balconistasa.com\/?p=13545\" \/>\n<meta property=\"og:locale\" content=\"pt_BR\" \/>\n<meta property=\"og:type\" content=\"article\" \/>\n<meta property=\"og:title\" content=\"Suspens\u00e3o do Ford Mustang GTD \u00e9 obra de arte - Balconista\" \/>\n<meta property=\"og:description\" content=\"Vers&atilde;o mais potente do esportivo j&aacute; homologada para as ruas, o novo Mustang GTD tem motor V8 5.2 de mais de 800 cv e tamb&eacute;m traz o estado da arte da tecnologia de suspens&atilde;o. Para que todos possam admirar essa obra de arte em funcionamento, os designers criaram uma janela especial na cabine. &ldquo;A suspens&atilde;o [&hellip;]\" \/>\n<meta property=\"og:url\" content=\"https:\/\/balconistasa.com\/?p=13545\" \/>\n<meta property=\"og:site_name\" content=\"Balconista\" \/>\n<meta property=\"article:published_time\" content=\"2024-06-11T18:52:11+00:00\" \/>\n<meta property=\"article:modified_time\" content=\"2024-06-11T19:28:08+00:00\" \/>\n<meta property=\"og:image\" content=\"https:\/\/balconistasa.com\/wp-content\/uploads\/2024\/06\/Ford-Mustang-GTD_Janela-suspensao-3-e1718131595509.jpg\" \/>\n\t<meta property=\"og:image:width\" content=\"1200\" \/>\n\t<meta property=\"og:image:height\" content=\"735\" \/>\n\t<meta property=\"og:image:type\" content=\"image\/jpeg\" \/>\n<meta name=\"author\" content=\"Rafael Micheski\" \/>\n<meta name=\"twitter:card\" content=\"summary_large_image\" \/>\n<meta name=\"twitter:label1\" content=\"Escrito por\" \/>\n\t<meta name=\"twitter:data1\" content=\"Rafael Micheski\" \/>\n\t<meta name=\"twitter:label2\" content=\"Est. tempo de leitura\" \/>\n\t<meta name=\"twitter:data2\" content=\"6 minutos\" \/>\n<script type=\"application\/ld+json\" class=\"yoast-schema-graph\">{\"@context\":\"https:\\\/\\\/schema.org\",\"@graph\":[{\"@type\":\"Article\",\"@id\":\"https:\\\/\\\/balconistasa.com\\\/?p=13545#article\",\"isPartOf\":{\"@id\":\"https:\\\/\\\/balconistasa.com\\\/?p=13545\"},\"author\":{\"name\":\"Rafael Micheski\",\"@id\":\"https:\\\/\\\/balconistasa.com\\\/#\\\/schema\\\/person\\\/398890570d486d38b72c5768bc8ff9ad\"},\"headline\":\"Suspens\u00e3o do Ford Mustang GTD \u00e9 obra de arte e ganha vitrine na cabine\",\"datePublished\":\"2024-06-11T18:52:11+00:00\",\"dateModified\":\"2024-06-11T19:28:08+00:00\",\"mainEntityOfPage\":{\"@id\":\"https:\\\/\\\/balconistasa.com\\\/?p=13545\"},\"wordCount\":958,\"image\":{\"@id\":\"https:\\\/\\\/balconistasa.com\\\/?p=13545#primaryimage\"},\"thumbnailUrl\":\"https:\\\/\\\/balconistasa.com\\\/wp-content\\\/uploads\\\/2024\\\/06\\\/Ford-Mustang-GTD_Janela-suspensao-3-e1718131595509.jpg\",\"keywords\":[\"amortecedor\",\"ford\",\"Mustang\",\"suspens\u00e3o\"],\"articleSection\":[\"Autope\u00e7as\",\"Galeria\",\"Tempo Livre\"],\"inLanguage\":\"pt-BR\"},{\"@type\":\"WebPage\",\"@id\":\"https:\\\/\\\/balconistasa.com\\\/?p=13545\",\"url\":\"https:\\\/\\\/balconistasa.com\\\/?p=13545\",\"name\":\"Suspens\u00e3o do Ford Mustang GTD \u00e9 obra de arte - Balconista\",\"isPartOf\":{\"@id\":\"https:\\\/\\\/balconistasa.com\\\/#website\"},\"primaryImageOfPage\":{\"@id\":\"https:\\\/\\\/balconistasa.com\\\/?p=13545#primaryimage\"},\"image\":{\"@id\":\"https:\\\/\\\/balconistasa.com\\\/?p=13545#primaryimage\"},\"thumbnailUrl\":\"https:\\\/\\\/balconistasa.com\\\/wp-content\\\/uploads\\\/2024\\\/06\\\/Ford-Mustang-GTD_Janela-suspensao-3-e1718131595509.jpg\",\"datePublished\":\"2024-06-11T18:52:11+00:00\",\"dateModified\":\"2024-06-11T19:28:08+00:00\",\"author\":{\"@id\":\"https:\\\/\\\/balconistasa.com\\\/#\\\/schema\\\/person\\\/398890570d486d38b72c5768bc8ff9ad\"},\"breadcrumb\":{\"@id\":\"https:\\\/\\\/balconistasa.com\\\/?p=13545#breadcrumb\"},\"inLanguage\":\"pt-BR\",\"potentialAction\":[{\"@type\":\"ReadAction\",\"target\":[\"https:\\\/\\\/balconistasa.com\\\/?p=13545\"]}]},{\"@type\":\"ImageObject\",\"inLanguage\":\"pt-BR\",\"@id\":\"https:\\\/\\\/balconistasa.com\\\/?p=13545#primaryimage\",\"url\":\"https:\\\/\\\/balconistasa.com\\\/wp-content\\\/uploads\\\/2024\\\/06\\\/Ford-Mustang-GTD_Janela-suspensao-3-e1718131595509.jpg\",\"contentUrl\":\"https:\\\/\\\/balconistasa.com\\\/wp-content\\\/uploads\\\/2024\\\/06\\\/Ford-Mustang-GTD_Janela-suspensao-3-e1718131595509.jpg\",\"width\":1200,\"height\":735,\"caption\":\"Preproduction vehicle shown. Actual production vehicle may vary. Projected availability late 2024\\\/early 2025. Very limited availability. Inquiry does not guarantee ability to purchase.\"},{\"@type\":\"BreadcrumbList\",\"@id\":\"https:\\\/\\\/balconistasa.com\\\/?p=13545#breadcrumb\",\"itemListElement\":[{\"@type\":\"ListItem\",\"position\":1,\"name\":\"In\u00edcio\",\"item\":\"https:\\\/\\\/balconistasa.com\\\/\"},{\"@type\":\"ListItem\",\"position\":2,\"name\":\"Suspens\u00e3o do Ford Mustang GTD \u00e9 obra de arte e ganha vitrine na cabine\"}]},{\"@type\":\"WebSite\",\"@id\":\"https:\\\/\\\/balconistasa.com\\\/#website\",\"url\":\"https:\\\/\\\/balconistasa.com\\\/\",\"name\":\"Balconista\",\"description\":\"SA\",\"potentialAction\":[{\"@type\":\"SearchAction\",\"target\":{\"@type\":\"EntryPoint\",\"urlTemplate\":\"https:\\\/\\\/balconistasa.com\\\/?s={search_term_string}\"},\"query-input\":{\"@type\":\"PropertyValueSpecification\",\"valueRequired\":true,\"valueName\":\"search_term_string\"}}],\"inLanguage\":\"pt-BR\"},{\"@type\":\"Person\",\"@id\":\"https:\\\/\\\/balconistasa.com\\\/#\\\/schema\\\/person\\\/398890570d486d38b72c5768bc8ff9ad\",\"name\":\"Rafael Micheski\",\"image\":{\"@type\":\"ImageObject\",\"inLanguage\":\"pt-BR\",\"@id\":\"https:\\\/\\\/secure.gravatar.com\\\/avatar\\\/49143c29bebfe6f53855f52479af85b0cf165bef9959145e4cca90065124d1b4?s=96&d=mm&r=g\",\"url\":\"https:\\\/\\\/secure.gravatar.com\\\/avatar\\\/49143c29bebfe6f53855f52479af85b0cf165bef9959145e4cca90065124d1b4?s=96&d=mm&r=g\",\"contentUrl\":\"https:\\\/\\\/secure.gravatar.com\\\/avatar\\\/49143c29bebfe6f53855f52479af85b0cf165bef9959145e4cca90065124d1b4?s=96&d=mm&r=g\",\"caption\":\"Rafael Micheski\"},\"url\":\"https:\\\/\\\/balconistasa.com\\\/?author=9\"}]}<\/script>\n<!-- \/ Yoast SEO plugin. -->","yoast_head_json":{"title":"Suspens\u00e3o do Ford Mustang GTD \u00e9 obra de arte - Balconista","robots":{"index":"index","follow":"follow","max-snippet":"max-snippet:-1","max-image-preview":"max-image-preview:large","max-video-preview":"max-video-preview:-1"},"canonical":"https:\/\/balconistasa.com\/?p=13545","og_locale":"pt_BR","og_type":"article","og_title":"Suspens\u00e3o do Ford Mustang GTD \u00e9 obra de arte - Balconista","og_description":"Vers&atilde;o mais potente do esportivo j&aacute; homologada para as ruas, o novo Mustang GTD tem motor V8 5.2 de mais de 800 cv e tamb&eacute;m traz o estado da arte da tecnologia de suspens&atilde;o. Para que todos possam admirar essa obra de arte em funcionamento, os designers criaram uma janela especial na cabine. &ldquo;A suspens&atilde;o [&hellip;]","og_url":"https:\/\/balconistasa.com\/?p=13545","og_site_name":"Balconista","article_published_time":"2024-06-11T18:52:11+00:00","article_modified_time":"2024-06-11T19:28:08+00:00","og_image":[{"width":1200,"height":735,"url":"https:\/\/balconistasa.com\/wp-content\/uploads\/2024\/06\/Ford-Mustang-GTD_Janela-suspensao-3-e1718131595509.jpg","type":"image\/jpeg"}],"author":"Rafael Micheski","twitter_card":"summary_large_image","twitter_misc":{"Escrito por":"Rafael Micheski","Est. tempo de leitura":"6 minutos"},"schema":{"@context":"https:\/\/schema.org","@graph":[{"@type":"Article","@id":"https:\/\/balconistasa.com\/?p=13545#article","isPartOf":{"@id":"https:\/\/balconistasa.com\/?p=13545"},"author":{"name":"Rafael Micheski","@id":"https:\/\/balconistasa.com\/#\/schema\/person\/398890570d486d38b72c5768bc8ff9ad"},"headline":"Suspens\u00e3o do Ford Mustang GTD \u00e9 obra de arte e ganha vitrine na cabine","datePublished":"2024-06-11T18:52:11+00:00","dateModified":"2024-06-11T19:28:08+00:00","mainEntityOfPage":{"@id":"https:\/\/balconistasa.com\/?p=13545"},"wordCount":958,"image":{"@id":"https:\/\/balconistasa.com\/?p=13545#primaryimage"},"thumbnailUrl":"https:\/\/balconistasa.com\/wp-content\/uploads\/2024\/06\/Ford-Mustang-GTD_Janela-suspensao-3-e1718131595509.jpg","keywords":["amortecedor","ford","Mustang","suspens\u00e3o"],"articleSection":["Autope\u00e7as","Galeria","Tempo Livre"],"inLanguage":"pt-BR"},{"@type":"WebPage","@id":"https:\/\/balconistasa.com\/?p=13545","url":"https:\/\/balconistasa.com\/?p=13545","name":"Suspens\u00e3o do Ford Mustang GTD \u00e9 obra de arte - Balconista","isPartOf":{"@id":"https:\/\/balconistasa.com\/#website"},"primaryImageOfPage":{"@id":"https:\/\/balconistasa.com\/?p=13545#primaryimage"},"image":{"@id":"https:\/\/balconistasa.com\/?p=13545#primaryimage"},"thumbnailUrl":"https:\/\/balconistasa.com\/wp-content\/uploads\/2024\/06\/Ford-Mustang-GTD_Janela-suspensao-3-e1718131595509.jpg","datePublished":"2024-06-11T18:52:11+00:00","dateModified":"2024-06-11T19:28:08+00:00","author":{"@id":"https:\/\/balconistasa.com\/#\/schema\/person\/398890570d486d38b72c5768bc8ff9ad"},"breadcrumb":{"@id":"https:\/\/balconistasa.com\/?p=13545#breadcrumb"},"inLanguage":"pt-BR","potentialAction":[{"@type":"ReadAction","target":["https:\/\/balconistasa.com\/?p=13545"]}]},{"@type":"ImageObject","inLanguage":"pt-BR","@id":"https:\/\/balconistasa.com\/?p=13545#primaryimage","url":"https:\/\/balconistasa.com\/wp-content\/uploads\/2024\/06\/Ford-Mustang-GTD_Janela-suspensao-3-e1718131595509.jpg","contentUrl":"https:\/\/balconistasa.com\/wp-content\/uploads\/2024\/06\/Ford-Mustang-GTD_Janela-suspensao-3-e1718131595509.jpg","width":1200,"height":735,"caption":"Preproduction vehicle shown. Actual production vehicle may vary. Projected availability late 2024\/early 2025. Very limited availability. Inquiry does not guarantee ability to purchase."},{"@type":"BreadcrumbList","@id":"https:\/\/balconistasa.com\/?p=13545#breadcrumb","itemListElement":[{"@type":"ListItem","position":1,"name":"In\u00edcio","item":"https:\/\/balconistasa.com\/"},{"@type":"ListItem","position":2,"name":"Suspens\u00e3o do Ford Mustang GTD \u00e9 obra de arte e ganha vitrine na cabine"}]},{"@type":"WebSite","@id":"https:\/\/balconistasa.com\/#website","url":"https:\/\/balconistasa.com\/","name":"Balconista","description":"SA","potentialAction":[{"@type":"SearchAction","target":{"@type":"EntryPoint","urlTemplate":"https:\/\/balconistasa.com\/?s={search_term_string}"},"query-input":{"@type":"PropertyValueSpecification","valueRequired":true,"valueName":"search_term_string"}}],"inLanguage":"pt-BR"},{"@type":"Person","@id":"https:\/\/balconistasa.com\/#\/schema\/person\/398890570d486d38b72c5768bc8ff9ad","name":"Rafael Micheski","image":{"@type":"ImageObject","inLanguage":"pt-BR","@id":"https:\/\/secure.gravatar.com\/avatar\/49143c29bebfe6f53855f52479af85b0cf165bef9959145e4cca90065124d1b4?s=96&d=mm&r=g","url":"https:\/\/secure.gravatar.com\/avatar\/49143c29bebfe6f53855f52479af85b0cf165bef9959145e4cca90065124d1b4?s=96&d=mm&r=g","contentUrl":"https:\/\/secure.gravatar.com\/avatar\/49143c29bebfe6f53855f52479af85b0cf165bef9959145e4cca90065124d1b4?s=96&d=mm&r=g","caption":"Rafael Micheski"},"url":"https:\/\/balconistasa.com\/?author=9"}]}},"jetpack_featured_media_url":"https:\/\/balconistasa.com\/wp-content\/uploads\/2024\/06\/Ford-Mustang-GTD_Janela-suspensao-3-e1718131595509.jpg","_links":{"self":[{"href":"https:\/\/balconistasa.com\/index.php?rest_route=\/wp\/v2\/posts\/13545","targetHints":{"allow":["GET"]}}],"collection":[{"href":"https:\/\/balconistasa.com\/index.php?rest_route=\/wp\/v2\/posts"}],"about":[{"href":"https:\/\/balconistasa.com\/index.php?rest_route=\/wp\/v2\/types\/post"}],"author":[{"embeddable":true,"href":"https:\/\/balconistasa.com\/index.php?rest_route=\/wp\/v2\/users\/9"}],"replies":[{"embeddable":true,"href":"https:\/\/balconistasa.com\/index.php?rest_route=%2Fwp%2Fv2%2Fcomments&post=13545"}],"version-history":[{"count":1,"href":"https:\/\/balconistasa.com\/index.php?rest_route=\/wp\/v2\/posts\/13545\/revisions"}],"predecessor-version":[{"id":13553,"href":"https:\/\/balconistasa.com\/index.php?rest_route=\/wp\/v2\/posts\/13545\/revisions\/13553"}],"wp:featuredmedia":[{"embeddable":true,"href":"https:\/\/balconistasa.com\/index.php?rest_route=\/wp\/v2\/media\/13546"}],"wp:attachment":[{"href":"https:\/\/balconistasa.com\/index.php?rest_route=%2Fwp%2Fv2%2Fmedia&parent=13545"}],"wp:term":[{"taxonomy":"category","embeddable":true,"href":"https:\/\/balconistasa.com\/index.php?rest_route=%2Fwp%2Fv2%2Fcategories&post=13545"},{"taxonomy":"post_tag","embeddable":true,"href":"https:\/\/balconistasa.com\/index.php?rest_route=%2Fwp%2Fv2%2Ftags&post=13545"}],"curies":[{"name":"wp","href":"https:\/\/api.w.org\/{rel}","templated":true}]}}