{"id":13591,"date":"2024-07-02T21:14:31","date_gmt":"2024-07-03T00:14:31","guid":{"rendered":"https:\/\/balconistasa.com\/?p=13591"},"modified":"2024-07-04T11:28:48","modified_gmt":"2024-07-04T14:28:48","slug":"tecfil-expande-frota-de-laboratorios-moveis-para-fortalecer-suporte-tecnico-e-pos-vendas","status":"publish","type":"post","link":"https:\/\/balconistasa.com\/?p=13591","title":{"rendered":"Tecfil expande frota de laborat\u00f3rios m\u00f3veis para fortalecer suporte t\u00e9cnico e p\u00f3s-vendas"},"content":{"rendered":"\n<p class=\"wp-block-paragraph\"><em>Com duas novas unidades, empresa passa contar com dez laborat\u00f3rios distribu\u00eddos pelo Brasil, e j\u00e1 vislumbra uma expans\u00e3o para o mercado latino-americano<\/em><\/p>\n\n\n\n<p class=\"wp-block-paragraph\">Em uma iniciativa voltada para aprimorar o suporte t\u00e9cnico e p\u00f3s-vendas, a\u00a0<a href=\"https:\/\/www.tecfil.com.br\/\" target=\"_blank\" rel=\"noreferrer noopener\">Tecfil<\/a>, maior fabricante de filtros automotivos da Am\u00e9rica latina, anuncia a amplia\u00e7\u00e3o de sua frota de laborat\u00f3rios m\u00f3veis com duas novas unidades. A expans\u00e3o visa fortalecer a parceria com grandes distribuidores e melhorar o atendimento na linha pesada, abrangendo frotas de caminh\u00f5es e \u00f4nibus.<\/p>\n\n\n\n<p class=\"wp-block-paragraph\">Com o acr\u00e9scimo das novas unidades, a Tecfil conta agora com dez laborat\u00f3rios e amplia sua cobertura geogr\u00e1fica, passando a atender as regi\u00f5es Centro-Oeste e Sudeste, al\u00e9m do Nordeste e do Sul, bem como o estado de S\u00e3o Paulo. \u201cTemos\u00a0planos de expandir para outros estados em breve e tamb\u00e9m para o mercado latino-americano\u201d, conta\u00a0Roberto Rualonga, gerente do suporte t\u00e9cnico e p\u00f3s-venda da Tecfil.<\/p>\n\n\n\n<h4 class=\"wp-block-heading\">Veja tamb\u00e9m:<\/h4>\n\n\n\n<p class=\"wp-block-paragraph\"><a href=\"https:\/\/balconistasa.com\/dez-pilares-para-o-sucesso-no-varejo-de-autopecas-segundo-o-sebrae\/\" target=\"_blank\" rel=\"noreferrer noopener\">Dez pilares para o sucesso no varejo de autope\u00e7as, segundo o Sebrae<\/a><\/p>\n\n\n\n<p class=\"wp-block-paragraph\"><a href=\"https:\/\/balconistasa.com\/bndes-recebe-projetos-de-descarbonizacao-do-setor-automotivo\/\" target=\"_blank\" rel=\"noreferrer noopener\">BNDES recebe projetos de descarboniza\u00e7\u00e3o do setor automotivo<\/a><\/p>\n\n\n\n<p class=\"wp-block-paragraph\">Os laborat\u00f3rios m\u00f3veis s\u00e3o estruturados com equipamentos de ponta, que oferecem testes de desempenho e funcionalidade dos filtros de todas as linhas, e tamb\u00e9m afazem an\u00e1lises estruturais de mat\u00e9ria prima. Com isso, a Tecfil tem a possibilidade de realizar demonstra\u00e7\u00f5es e treinamentos pr\u00e1ticos, visando a correta manuten\u00e7\u00e3o preventiva dos produtos e a capacita\u00e7\u00e3o t\u00e9cnica dos profissionais reparadores.<\/p>\n\n\n\n<div class=\"wp-block-image\"><figure class=\"aligncenter size-full\"><img loading=\"lazy\" decoding=\"async\" width=\"800\" height=\"496\" src=\"https:\/\/balconistasa.com\/wp-content\/uploads\/2024\/07\/laboratorio-movel-tecfil-2.jpg\" alt=\"\" class=\"wp-image-13593\" srcset=\"https:\/\/balconistasa.com\/wp-content\/uploads\/2024\/07\/laboratorio-movel-tecfil-2.jpg 800w, https:\/\/balconistasa.com\/wp-content\/uploads\/2024\/07\/laboratorio-movel-tecfil-2-768x476.jpg 768w\" sizes=\"auto, (max-width: 800px) 100vw, 800px\" \/><figcaption>Com o acr\u00e9scimo das novas unidades, a Tecfil conta agora com dez laborat\u00f3rios e amplia sua cobertura geogr\u00e1fica. (Divulga\u00e7\u00e3o)<\/figcaption><\/figure><\/div>\n\n\n\n<p class=\"wp-block-paragraph\">Nos \u00faltimos tr\u00eas anos, foram realizados cerca de 10 mil atendimentos, demonstrando a efic\u00e1cia e a import\u00e2ncia desses servi\u00e7os para os clientes. \u201cCom a amplia\u00e7\u00e3o da frota, esperamos aumentar ainda mais o n\u00famero de atendimentos, refor\u00e7ando o nosso compromisso com a qualidade e a satisfa\u00e7\u00e3o dos clientes\u201d, afirma Rualonga.<\/p>\n\n\n\n<p class=\"wp-block-paragraph\">Com as duas novas unidades, a Tecfil contar\u00e1 com 10 laborat\u00f3rios m\u00f3veis distribu\u00eddos pelo Brasil, e avan\u00e7a em sua estrat\u00e9gia de garantir que clientes em todo o territ\u00f3rio nacional tenham acesso ao suporte t\u00e9cnico especializado e aos servi\u00e7os de manuten\u00e7\u00e3o.<\/p>\n\n\n\n<p class=\"wp-block-paragraph\">\u201cEsta amplia\u00e7\u00e3o reflete o compromisso cont\u00ednuo da Tecfil em inovar e proporcionar solu\u00e7\u00f5es eficazes para seus clientes, fortalecendo sua posi\u00e7\u00e3o de lideran\u00e7a no mercado de filtros automotivos\u201d, conclui o\u00a0gerente de suporte t\u00e9cnico e p\u00f3s-venda da Tecfil.<\/p>\n\n\n\n<p class=\"has-small-font-size wp-block-paragraph\"><strong>Sobre a Tecfil<\/strong><\/p>\n\n\n\n<p class=\"has-small-font-size wp-block-paragraph\">Maior fabricante de filtros automotivos da Am\u00e9rica Latina e uma empresa 100% brasileira, a Tecfil conta com duas unidades fabris e dois centro de distribui\u00e7\u00e3o, localizados no munic\u00edpio de Guarulhos, ocupando uma \u00e1rea constru\u00edda aproximada de 62 mil m\u00b2. Conta com mais de 1.300 colaboradores e produz mais de 5.800 modelos de filtros para todos os mercados, destinados a milhares de modelos de ve\u00edculos, o que inclui todas as marcas de autom\u00f3veis, motos, o setor de caminh\u00f5es, de m\u00e1quinas pesadas e implementos agr\u00edcolas. A empresa se destaca por fornecer filtros originais de f\u00e1brica para diversas montadoras. Atualmente, a marca est\u00e1 presente em todo o Brasil e exporta para mais de 60 pa\u00edses, levando ao mercado filtros com alta capacidade e qualidade.<\/p>\n","protected":false},"excerpt":{"rendered":"<p>Com duas novas unidades, empresa passa contar com dez laborat&oacute;rios distribu&iacute;dos pelo Brasil, e j&aacute; vislumbra uma expans&atilde;o para o mercado latino-americano Em uma iniciativa voltada para aprimorar o suporte t&eacute;cnico e p&oacute;s-vendas, a&nbsp;Tecfil, maior fabricante de filtros automotivos da Am&eacute;rica latina, anuncia a amplia&ccedil;&atilde;o de sua frota de laborat&oacute;rios m&oacute;veis com duas novas unidades. [&hellip;]<\/p>\n","protected":false},"author":9,"featured_media":13594,"comment_status":"closed","ping_status":"closed","sticky":true,"template":"","format":"standard","meta":{"footnotes":""},"categories":[68,87,132],"tags":[497,1763,1764,131],"class_list":["post-13591","post","type-post","status-publish","format-standard","has-post-thumbnail","hentry","category-autopecas","category-em-pauta","category-indica","tag-filtros","tag-laboratorio","tag-pos-venda","tag-tecfil"],"yoast_head":"<!-- This site is optimized with the Yoast SEO plugin v28.4 - https:\/\/yoast.com\/product\/yoast-seo-wordpress\/ -->\n<title>Tecfil expande frota de laborat\u00f3rios m\u00f3veis - Balconista<\/title>\n<meta name=\"robots\" content=\"index, follow, max-snippet:-1, max-image-preview:large, max-video-preview:-1\" \/>\n<link rel=\"canonical\" href=\"https:\/\/balconistasa.com\/?p=13591\" \/>\n<meta property=\"og:locale\" content=\"pt_BR\" \/>\n<meta property=\"og:type\" content=\"article\" \/>\n<meta property=\"og:title\" content=\"Tecfil expande frota de laborat\u00f3rios m\u00f3veis - Balconista\" \/>\n<meta property=\"og:description\" content=\"Com duas novas unidades, empresa passa contar com dez laborat&oacute;rios distribu&iacute;dos pelo Brasil, e j&aacute; vislumbra uma expans&atilde;o para o mercado latino-americano Em uma iniciativa voltada para aprimorar o suporte t&eacute;cnico e p&oacute;s-vendas, a&nbsp;Tecfil, maior fabricante de filtros automotivos da Am&eacute;rica latina, anuncia a amplia&ccedil;&atilde;o de sua frota de laborat&oacute;rios m&oacute;veis com duas novas unidades. [&hellip;]\" \/>\n<meta property=\"og:url\" content=\"https:\/\/balconistasa.com\/?p=13591\" \/>\n<meta property=\"og:site_name\" content=\"Balconista\" \/>\n<meta property=\"article:published_time\" content=\"2024-07-03T00:14:31+00:00\" \/>\n<meta property=\"article:modified_time\" content=\"2024-07-04T14:28:48+00:00\" \/>\n<meta property=\"og:image\" content=\"https:\/\/balconistasa.com\/wp-content\/uploads\/2024\/07\/laboratorio-movel-tecfil-1-1.jpg\" \/>\n\t<meta property=\"og:image:width\" content=\"800\" \/>\n\t<meta property=\"og:image:height\" content=\"796\" \/>\n\t<meta property=\"og:image:type\" content=\"image\/jpeg\" \/>\n<meta name=\"author\" content=\"Rafael Micheski\" \/>\n<meta name=\"twitter:card\" content=\"summary_large_image\" \/>\n<meta name=\"twitter:label1\" content=\"Escrito por\" \/>\n\t<meta name=\"twitter:data1\" content=\"Rafael Micheski\" \/>\n\t<meta name=\"twitter:label2\" content=\"Est. tempo de leitura\" \/>\n\t<meta name=\"twitter:data2\" content=\"3 minutos\" \/>\n<script type=\"application\/ld+json\" class=\"yoast-schema-graph\">{\"@context\":\"https:\\\/\\\/schema.org\",\"@graph\":[{\"@type\":\"Article\",\"@id\":\"https:\\\/\\\/balconistasa.com\\\/?p=13591#article\",\"isPartOf\":{\"@id\":\"https:\\\/\\\/balconistasa.com\\\/?p=13591\"},\"author\":{\"name\":\"Rafael Micheski\",\"@id\":\"https:\\\/\\\/balconistasa.com\\\/#\\\/schema\\\/person\\\/398890570d486d38b72c5768bc8ff9ad\"},\"headline\":\"Tecfil expande frota de laborat\u00f3rios m\u00f3veis para fortalecer suporte t\u00e9cnico e p\u00f3s-vendas\",\"datePublished\":\"2024-07-03T00:14:31+00:00\",\"dateModified\":\"2024-07-04T14:28:48+00:00\",\"mainEntityOfPage\":{\"@id\":\"https:\\\/\\\/balconistasa.com\\\/?p=13591\"},\"wordCount\":573,\"image\":{\"@id\":\"https:\\\/\\\/balconistasa.com\\\/?p=13591#primaryimage\"},\"thumbnailUrl\":\"https:\\\/\\\/balconistasa.com\\\/wp-content\\\/uploads\\\/2024\\\/07\\\/laboratorio-movel-tecfil-1-1.jpg\",\"keywords\":[\"filtros\",\"laborat\u00f3rio\",\"pos-venda\",\"tecfil\"],\"articleSection\":[\"Autope\u00e7as\",\"Em pauta\",\"Indica\"],\"inLanguage\":\"pt-BR\"},{\"@type\":\"WebPage\",\"@id\":\"https:\\\/\\\/balconistasa.com\\\/?p=13591\",\"url\":\"https:\\\/\\\/balconistasa.com\\\/?p=13591\",\"name\":\"Tecfil expande frota de laborat\u00f3rios m\u00f3veis - Balconista\",\"isPartOf\":{\"@id\":\"https:\\\/\\\/balconistasa.com\\\/#website\"},\"primaryImageOfPage\":{\"@id\":\"https:\\\/\\\/balconistasa.com\\\/?p=13591#primaryimage\"},\"image\":{\"@id\":\"https:\\\/\\\/balconistasa.com\\\/?p=13591#primaryimage\"},\"thumbnailUrl\":\"https:\\\/\\\/balconistasa.com\\\/wp-content\\\/uploads\\\/2024\\\/07\\\/laboratorio-movel-tecfil-1-1.jpg\",\"datePublished\":\"2024-07-03T00:14:31+00:00\",\"dateModified\":\"2024-07-04T14:28:48+00:00\",\"author\":{\"@id\":\"https:\\\/\\\/balconistasa.com\\\/#\\\/schema\\\/person\\\/398890570d486d38b72c5768bc8ff9ad\"},\"breadcrumb\":{\"@id\":\"https:\\\/\\\/balconistasa.com\\\/?p=13591#breadcrumb\"},\"inLanguage\":\"pt-BR\",\"potentialAction\":[{\"@type\":\"ReadAction\",\"target\":[\"https:\\\/\\\/balconistasa.com\\\/?p=13591\"]}]},{\"@type\":\"ImageObject\",\"inLanguage\":\"pt-BR\",\"@id\":\"https:\\\/\\\/balconistasa.com\\\/?p=13591#primaryimage\",\"url\":\"https:\\\/\\\/balconistasa.com\\\/wp-content\\\/uploads\\\/2024\\\/07\\\/laboratorio-movel-tecfil-1-1.jpg\",\"contentUrl\":\"https:\\\/\\\/balconistasa.com\\\/wp-content\\\/uploads\\\/2024\\\/07\\\/laboratorio-movel-tecfil-1-1.jpg\",\"width\":800,\"height\":796,\"caption\":\"laboratorio movel tecfil 1\"},{\"@type\":\"BreadcrumbList\",\"@id\":\"https:\\\/\\\/balconistasa.com\\\/?p=13591#breadcrumb\",\"itemListElement\":[{\"@type\":\"ListItem\",\"position\":1,\"name\":\"In\u00edcio\",\"item\":\"https:\\\/\\\/balconistasa.com\\\/\"},{\"@type\":\"ListItem\",\"position\":2,\"name\":\"Tecfil expande frota de laborat\u00f3rios m\u00f3veis para fortalecer suporte t\u00e9cnico e p\u00f3s-vendas\"}]},{\"@type\":\"WebSite\",\"@id\":\"https:\\\/\\\/balconistasa.com\\\/#website\",\"url\":\"https:\\\/\\\/balconistasa.com\\\/\",\"name\":\"Balconista\",\"description\":\"SA\",\"potentialAction\":[{\"@type\":\"SearchAction\",\"target\":{\"@type\":\"EntryPoint\",\"urlTemplate\":\"https:\\\/\\\/balconistasa.com\\\/?s={search_term_string}\"},\"query-input\":{\"@type\":\"PropertyValueSpecification\",\"valueRequired\":true,\"valueName\":\"search_term_string\"}}],\"inLanguage\":\"pt-BR\"},{\"@type\":\"Person\",\"@id\":\"https:\\\/\\\/balconistasa.com\\\/#\\\/schema\\\/person\\\/398890570d486d38b72c5768bc8ff9ad\",\"name\":\"Rafael Micheski\",\"image\":{\"@type\":\"ImageObject\",\"inLanguage\":\"pt-BR\",\"@id\":\"https:\\\/\\\/secure.gravatar.com\\\/avatar\\\/49143c29bebfe6f53855f52479af85b0cf165bef9959145e4cca90065124d1b4?s=96&d=mm&r=g\",\"url\":\"https:\\\/\\\/secure.gravatar.com\\\/avatar\\\/49143c29bebfe6f53855f52479af85b0cf165bef9959145e4cca90065124d1b4?s=96&d=mm&r=g\",\"contentUrl\":\"https:\\\/\\\/secure.gravatar.com\\\/avatar\\\/49143c29bebfe6f53855f52479af85b0cf165bef9959145e4cca90065124d1b4?s=96&d=mm&r=g\",\"caption\":\"Rafael Micheski\"},\"url\":\"https:\\\/\\\/balconistasa.com\\\/?author=9\"}]}<\/script>\n<!-- \/ Yoast SEO plugin. -->","yoast_head_json":{"title":"Tecfil expande frota de laborat\u00f3rios m\u00f3veis - Balconista","robots":{"index":"index","follow":"follow","max-snippet":"max-snippet:-1","max-image-preview":"max-image-preview:large","max-video-preview":"max-video-preview:-1"},"canonical":"https:\/\/balconistasa.com\/?p=13591","og_locale":"pt_BR","og_type":"article","og_title":"Tecfil expande frota de laborat\u00f3rios m\u00f3veis - Balconista","og_description":"Com duas novas unidades, empresa passa contar com dez laborat&oacute;rios distribu&iacute;dos pelo Brasil, e j&aacute; vislumbra uma expans&atilde;o para o mercado latino-americano Em uma iniciativa voltada para aprimorar o suporte t&eacute;cnico e p&oacute;s-vendas, a&nbsp;Tecfil, maior fabricante de filtros automotivos da Am&eacute;rica latina, anuncia a amplia&ccedil;&atilde;o de sua frota de laborat&oacute;rios m&oacute;veis com duas novas unidades. [&hellip;]","og_url":"https:\/\/balconistasa.com\/?p=13591","og_site_name":"Balconista","article_published_time":"2024-07-03T00:14:31+00:00","article_modified_time":"2024-07-04T14:28:48+00:00","og_image":[{"width":800,"height":796,"url":"https:\/\/balconistasa.com\/wp-content\/uploads\/2024\/07\/laboratorio-movel-tecfil-1-1.jpg","type":"image\/jpeg"}],"author":"Rafael Micheski","twitter_card":"summary_large_image","twitter_misc":{"Escrito por":"Rafael Micheski","Est. tempo de leitura":"3 minutos"},"schema":{"@context":"https:\/\/schema.org","@graph":[{"@type":"Article","@id":"https:\/\/balconistasa.com\/?p=13591#article","isPartOf":{"@id":"https:\/\/balconistasa.com\/?p=13591"},"author":{"name":"Rafael Micheski","@id":"https:\/\/balconistasa.com\/#\/schema\/person\/398890570d486d38b72c5768bc8ff9ad"},"headline":"Tecfil expande frota de laborat\u00f3rios m\u00f3veis para fortalecer suporte t\u00e9cnico e p\u00f3s-vendas","datePublished":"2024-07-03T00:14:31+00:00","dateModified":"2024-07-04T14:28:48+00:00","mainEntityOfPage":{"@id":"https:\/\/balconistasa.com\/?p=13591"},"wordCount":573,"image":{"@id":"https:\/\/balconistasa.com\/?p=13591#primaryimage"},"thumbnailUrl":"https:\/\/balconistasa.com\/wp-content\/uploads\/2024\/07\/laboratorio-movel-tecfil-1-1.jpg","keywords":["filtros","laborat\u00f3rio","pos-venda","tecfil"],"articleSection":["Autope\u00e7as","Em pauta","Indica"],"inLanguage":"pt-BR"},{"@type":"WebPage","@id":"https:\/\/balconistasa.com\/?p=13591","url":"https:\/\/balconistasa.com\/?p=13591","name":"Tecfil expande frota de laborat\u00f3rios m\u00f3veis - Balconista","isPartOf":{"@id":"https:\/\/balconistasa.com\/#website"},"primaryImageOfPage":{"@id":"https:\/\/balconistasa.com\/?p=13591#primaryimage"},"image":{"@id":"https:\/\/balconistasa.com\/?p=13591#primaryimage"},"thumbnailUrl":"https:\/\/balconistasa.com\/wp-content\/uploads\/2024\/07\/laboratorio-movel-tecfil-1-1.jpg","datePublished":"2024-07-03T00:14:31+00:00","dateModified":"2024-07-04T14:28:48+00:00","author":{"@id":"https:\/\/balconistasa.com\/#\/schema\/person\/398890570d486d38b72c5768bc8ff9ad"},"breadcrumb":{"@id":"https:\/\/balconistasa.com\/?p=13591#breadcrumb"},"inLanguage":"pt-BR","potentialAction":[{"@type":"ReadAction","target":["https:\/\/balconistasa.com\/?p=13591"]}]},{"@type":"ImageObject","inLanguage":"pt-BR","@id":"https:\/\/balconistasa.com\/?p=13591#primaryimage","url":"https:\/\/balconistasa.com\/wp-content\/uploads\/2024\/07\/laboratorio-movel-tecfil-1-1.jpg","contentUrl":"https:\/\/balconistasa.com\/wp-content\/uploads\/2024\/07\/laboratorio-movel-tecfil-1-1.jpg","width":800,"height":796,"caption":"laboratorio movel tecfil 1"},{"@type":"BreadcrumbList","@id":"https:\/\/balconistasa.com\/?p=13591#breadcrumb","itemListElement":[{"@type":"ListItem","position":1,"name":"In\u00edcio","item":"https:\/\/balconistasa.com\/"},{"@type":"ListItem","position":2,"name":"Tecfil expande frota de laborat\u00f3rios m\u00f3veis para fortalecer suporte t\u00e9cnico e p\u00f3s-vendas"}]},{"@type":"WebSite","@id":"https:\/\/balconistasa.com\/#website","url":"https:\/\/balconistasa.com\/","name":"Balconista","description":"SA","potentialAction":[{"@type":"SearchAction","target":{"@type":"EntryPoint","urlTemplate":"https:\/\/balconistasa.com\/?s={search_term_string}"},"query-input":{"@type":"PropertyValueSpecification","valueRequired":true,"valueName":"search_term_string"}}],"inLanguage":"pt-BR"},{"@type":"Person","@id":"https:\/\/balconistasa.com\/#\/schema\/person\/398890570d486d38b72c5768bc8ff9ad","name":"Rafael Micheski","image":{"@type":"ImageObject","inLanguage":"pt-BR","@id":"https:\/\/secure.gravatar.com\/avatar\/49143c29bebfe6f53855f52479af85b0cf165bef9959145e4cca90065124d1b4?s=96&d=mm&r=g","url":"https:\/\/secure.gravatar.com\/avatar\/49143c29bebfe6f53855f52479af85b0cf165bef9959145e4cca90065124d1b4?s=96&d=mm&r=g","contentUrl":"https:\/\/secure.gravatar.com\/avatar\/49143c29bebfe6f53855f52479af85b0cf165bef9959145e4cca90065124d1b4?s=96&d=mm&r=g","caption":"Rafael Micheski"},"url":"https:\/\/balconistasa.com\/?author=9"}]}},"jetpack_featured_media_url":"https:\/\/balconistasa.com\/wp-content\/uploads\/2024\/07\/laboratorio-movel-tecfil-1-1.jpg","_links":{"self":[{"href":"https:\/\/balconistasa.com\/index.php?rest_route=\/wp\/v2\/posts\/13591","targetHints":{"allow":["GET"]}}],"collection":[{"href":"https:\/\/balconistasa.com\/index.php?rest_route=\/wp\/v2\/posts"}],"about":[{"href":"https:\/\/balconistasa.com\/index.php?rest_route=\/wp\/v2\/types\/post"}],"author":[{"embeddable":true,"href":"https:\/\/balconistasa.com\/index.php?rest_route=\/wp\/v2\/users\/9"}],"replies":[{"embeddable":true,"href":"https:\/\/balconistasa.com\/index.php?rest_route=%2Fwp%2Fv2%2Fcomments&post=13591"}],"version-history":[{"count":1,"href":"https:\/\/balconistasa.com\/index.php?rest_route=\/wp\/v2\/posts\/13591\/revisions"}],"predecessor-version":[{"id":13595,"href":"https:\/\/balconistasa.com\/index.php?rest_route=\/wp\/v2\/posts\/13591\/revisions\/13595"}],"wp:featuredmedia":[{"embeddable":true,"href":"https:\/\/balconistasa.com\/index.php?rest_route=\/wp\/v2\/media\/13594"}],"wp:attachment":[{"href":"https:\/\/balconistasa.com\/index.php?rest_route=%2Fwp%2Fv2%2Fmedia&parent=13591"}],"wp:term":[{"taxonomy":"category","embeddable":true,"href":"https:\/\/balconistasa.com\/index.php?rest_route=%2Fwp%2Fv2%2Fcategories&post=13591"},{"taxonomy":"post_tag","embeddable":true,"href":"https:\/\/balconistasa.com\/index.php?rest_route=%2Fwp%2Fv2%2Ftags&post=13591"}],"curies":[{"name":"wp","href":"https:\/\/api.w.org\/{rel}","templated":true}]}}