{"id":14019,"date":"2025-05-26T15:01:00","date_gmt":"2025-05-26T18:01:00","guid":{"rendered":"https:\/\/balconistasa.com\/?p=14019"},"modified":"2025-06-26T15:18:04","modified_gmt":"2025-06-26T18:18:04","slug":"a-skf-na-automec-tradicao-inovacao-e-lideranca-no-mercado-automotivo","status":"publish","type":"post","link":"https:\/\/balconistasa.com\/?p=14019","title":{"rendered":"A SKF na Automec: Tradi\u00e7\u00e3o, Inova\u00e7\u00e3o e Lideran\u00e7a no Mercado Automotivo"},"content":{"rendered":"\n<p class=\"wp-block-paragraph\">A participa\u00e7\u00e3o da SKF na Automec refor\u00e7ou sua presen\u00e7a como l\u00edder no segmento de componentes automotivos e tamb\u00e9m seu compromisso com a dissemina\u00e7\u00e3o de conhecimento e inova\u00e7\u00e3o tecnol\u00f3gica no mercado de reposi\u00e7\u00e3o. Como destacado por Maur\u00edcio Ribeiro, gerente nacional de vendas da empresa no Brasil, a feira \u00e9 um importante canal para aproximar a marca de clientes e parceiros, apresentando solu\u00e7\u00f5es que combinam tradi\u00e7\u00e3o e modernidade.<\/p>\n\n\n\n<p class=\"wp-block-paragraph\">Um dos pilares da atua\u00e7\u00e3o da SKF na Automec foi a transmiss\u00e3o de conhecimento, por meio de palestras, debates e videocasts. A postura da SKF na Automec, reflete a preocupa\u00e7\u00e3o em n\u00e3o apenas vender produtos, mas tamb\u00e9m em capacitar o mercado, fornecendo informa\u00e7\u00f5es t\u00e9cnicas e tend\u00eancias do setor. Al\u00e9m disso, a Automec permitiu \u00e0 SKF avaliar o cen\u00e1rio atual da ind\u00fastria, ajustando suas estrat\u00e9gias para melhor atender \u00e0s demandas do setor automotivo.<\/p>\n\n\n\n<div class=\"wp-block-image\"><figure class=\"aligncenter size-full\"><a href=\"https:\/\/balconistasa.com\/?attachment_id=14021\"><img loading=\"lazy\" decoding=\"async\" width=\"1922\" height=\"1080\" src=\"https:\/\/balconistasa.com\/wp-content\/uploads\/2025\/06\/SKF-na-Automec-2.jpg\" alt=\"SKF na Automec\" class=\"wp-image-14021\" srcset=\"https:\/\/balconistasa.com\/wp-content\/uploads\/2025\/06\/SKF-na-Automec-2.jpg 1922w, https:\/\/balconistasa.com\/wp-content\/uploads\/2025\/06\/SKF-na-Automec-2-768x432.jpg 768w, https:\/\/balconistasa.com\/wp-content\/uploads\/2025\/06\/SKF-na-Automec-2-1536x863.jpg 1536w\" sizes=\"auto, (max-width: 1922px) 100vw, 1922px\" \/><\/a><\/figure><\/div>\n\n\n\n<h4 class=\"wp-block-heading\">Veja tamb\u00e9m<\/h4>\n\n\n\n<p class=\"wp-block-paragraph\"><a href=\"https:\/\/reparadorsa.com.br\/skf-renova-sua-identidade-de-marca\/\" target=\"_blank\" rel=\"noreferrer noopener\">SKF renova sua identidade de marca<\/a><\/p>\n\n\n\n<p class=\"wp-block-paragraph\"><a href=\"https:\/\/reparadorsa.com.br\/skf-celebra-110-anos-de-inovacao-e-excelencia-de-suas-operacoes-no-brasil\/\" target=\"_blank\" rel=\"noreferrer noopener\">SKF celebra 110 anos de inova\u00e7\u00e3o e excel\u00eancia de suas opera\u00e7\u00f5es no Brasil<\/a><\/p>\n\n\n\n<p class=\"wp-block-paragraph\">No que diz respeito ao portf\u00f3lio, a SKF reafirma sua lideran\u00e7a com uma linha diversificada, que abrange desde rolamentos \u2014 produto pelo qual a marca \u00e9 amplamente reconhecida \u2014 at\u00e9 kits de correia, suspens\u00e3o e dire\u00e7\u00e3o. A empresa se orgulha de sua trajet\u00f3ria de 110 anos no Brasil, al\u00e9m de sua posi\u00e7\u00e3o como top of mind entre implementadores, com 96% deles indicando a SKF como a principal marca de rolamentos. Essa reputa\u00e7\u00e3o \u00e9 sustentada por inova\u00e7\u00f5es hist\u00f3ricas, como a patente do rolamento duplo de esfera, ainda hoje um padr\u00e3o no mercado de ve\u00edculos de passeio, e do rolamento duplo de cilindros, refer\u00eancia no segmento pesado.<\/p>\n\n\n\n<figure class=\"wp-block-embed is-type-video is-provider-youtube wp-block-embed-youtube wp-embed-aspect-16-9 wp-has-aspect-ratio\"><div class=\"wp-block-embed__wrapper\">\n<iframe loading=\"lazy\" title=\"Automec 2025: SKF leva conhecimento e portf\u00f3lio\" width=\"800\" height=\"450\" src=\"https:\/\/www.youtube.com\/embed\/KrAKbqJ0zW0?start=4&#038;feature=oembed\" frameborder=\"0\" allow=\"accelerometer; autoplay; clipboard-write; encrypted-media; gyroscope; picture-in-picture; web-share\" referrerpolicy=\"strict-origin-when-cross-origin\" allowfullscreen><\/iframe>\n<\/div><\/figure>\n\n\n\n<p class=\"wp-block-paragraph\">A feira tamb\u00e9m foi palco para lan\u00e7amentos estrat\u00e9gicos, como solu\u00e7\u00f5es para carros el\u00e9tricos \u2014 a exemplo da parceria com a BYD \u2014 e para modelos tradicionais, como o Polo Track. A linha pesada, com destaque para rolamentos de roda e veda\u00e7\u00f5es, refor\u00e7a a capacidade da SKF em atender toda a gama da frota e do mercado, mantendo-se como l\u00edder no segmento.<\/p>\n\n\n\n<p class=\"wp-block-paragraph\">Para a SKF, estar presente no evento \u00e9 consolidar sua imagem como uma empresa que alia expertise t\u00e9cnica a um relacionamento pr\u00f3ximo com clientes e parceiros. Sendo refer\u00eancia no setor, a SKF est\u00e1 pronta para oferecer qualidade, inova\u00e7\u00e3o e suporte cont\u00ednuo ao mercado automotivo brasileiro.<\/p>\n","protected":false},"excerpt":{"rendered":"<p>A participa&ccedil;&atilde;o da SKF na Automec refor&ccedil;ou sua presen&ccedil;a como l&iacute;der no segmento de componentes automotivos e tamb&eacute;m seu compromisso com a dissemina&ccedil;&atilde;o de conhecimento e inova&ccedil;&atilde;o tecnol&oacute;gica no mercado de reposi&ccedil;&atilde;o. Como destacado por Maur&iacute;cio Ribeiro, gerente nacional de vendas da empresa no Brasil, a feira &eacute; um importante canal para aproximar a marca [&hellip;]<\/p>\n","protected":false},"author":9,"featured_media":14020,"comment_status":"closed","ping_status":"closed","sticky":false,"template":"","format":"standard","meta":{"footnotes":""},"categories":[1237,68,133,963,88],"tags":[212,1841,485,1842],"class_list":["post-14019","post","type-post","status-publish","format-standard","has-post-thumbnail","hentry","category-exclusivas","category-autopecas","category-balcao","category-entrevista","category-especiais","tag-automec","tag-conhecimento","tag-rolamentos","tag-skf-2"],"yoast_head":"<!-- This site is optimized with the Yoast SEO plugin v28.4 - https:\/\/yoast.com\/product\/yoast-seo-wordpress\/ -->\n<title>A SKF na Automec: Tradi\u00e7\u00e3o, Inova\u00e7\u00e3o e Lideran\u00e7a no Mercado Automotivo - Balconista<\/title>\n<meta name=\"robots\" content=\"index, follow, max-snippet:-1, max-image-preview:large, max-video-preview:-1\" \/>\n<link rel=\"canonical\" href=\"https:\/\/balconistasa.com\/?p=14019\" \/>\n<meta property=\"og:locale\" content=\"pt_BR\" \/>\n<meta property=\"og:type\" content=\"article\" \/>\n<meta property=\"og:title\" content=\"A SKF na Automec: Tradi\u00e7\u00e3o, Inova\u00e7\u00e3o e Lideran\u00e7a no Mercado Automotivo - Balconista\" \/>\n<meta property=\"og:description\" content=\"A participa&ccedil;&atilde;o da SKF na Automec refor&ccedil;ou sua presen&ccedil;a como l&iacute;der no segmento de componentes automotivos e tamb&eacute;m seu compromisso com a dissemina&ccedil;&atilde;o de conhecimento e inova&ccedil;&atilde;o tecnol&oacute;gica no mercado de reposi&ccedil;&atilde;o. Como destacado por Maur&iacute;cio Ribeiro, gerente nacional de vendas da empresa no Brasil, a feira &eacute; um importante canal para aproximar a marca [&hellip;]\" \/>\n<meta property=\"og:url\" content=\"https:\/\/balconistasa.com\/?p=14019\" \/>\n<meta property=\"og:site_name\" content=\"Balconista\" \/>\n<meta property=\"article:published_time\" content=\"2025-05-26T18:01:00+00:00\" \/>\n<meta property=\"article:modified_time\" content=\"2025-06-26T18:18:04+00:00\" \/>\n<meta property=\"og:image\" content=\"https:\/\/balconistasa.com\/wp-content\/uploads\/2025\/06\/SKF-na-Automec.jpg\" \/>\n\t<meta property=\"og:image:width\" content=\"1922\" \/>\n\t<meta property=\"og:image:height\" content=\"1080\" \/>\n\t<meta property=\"og:image:type\" content=\"image\/jpeg\" \/>\n<meta name=\"author\" content=\"Rafael Micheski\" \/>\n<meta name=\"twitter:card\" content=\"summary_large_image\" \/>\n<meta name=\"twitter:label1\" content=\"Escrito por\" \/>\n\t<meta name=\"twitter:data1\" content=\"Rafael Micheski\" \/>\n\t<meta name=\"twitter:label2\" content=\"Est. tempo de leitura\" \/>\n\t<meta name=\"twitter:data2\" content=\"3 minutos\" \/>\n<script type=\"application\/ld+json\" class=\"yoast-schema-graph\">{\"@context\":\"https:\\\/\\\/schema.org\",\"@graph\":[{\"@type\":\"Article\",\"@id\":\"https:\\\/\\\/balconistasa.com\\\/?p=14019#article\",\"isPartOf\":{\"@id\":\"https:\\\/\\\/balconistasa.com\\\/?p=14019\"},\"author\":{\"name\":\"Rafael Micheski\",\"@id\":\"https:\\\/\\\/balconistasa.com\\\/#\\\/schema\\\/person\\\/398890570d486d38b72c5768bc8ff9ad\"},\"headline\":\"A SKF na Automec: Tradi\u00e7\u00e3o, Inova\u00e7\u00e3o e Lideran\u00e7a no Mercado Automotivo\",\"datePublished\":\"2025-05-26T18:01:00+00:00\",\"dateModified\":\"2025-06-26T18:18:04+00:00\",\"mainEntityOfPage\":{\"@id\":\"https:\\\/\\\/balconistasa.com\\\/?p=14019\"},\"wordCount\":441,\"image\":{\"@id\":\"https:\\\/\\\/balconistasa.com\\\/?p=14019#primaryimage\"},\"thumbnailUrl\":\"https:\\\/\\\/balconistasa.com\\\/wp-content\\\/uploads\\\/2025\\\/06\\\/SKF-na-Automec.jpg\",\"keywords\":[\"Automec\",\"conhecimento\",\"rolamentos\",\"skf.\"],\"articleSection\":[\"Exclusivas\",\"Autope\u00e7as\",\"Balc\u00e3o\",\"Entrevista\",\"Especiais\"],\"inLanguage\":\"pt-BR\"},{\"@type\":\"WebPage\",\"@id\":\"https:\\\/\\\/balconistasa.com\\\/?p=14019\",\"url\":\"https:\\\/\\\/balconistasa.com\\\/?p=14019\",\"name\":\"A SKF na Automec: Tradi\u00e7\u00e3o, Inova\u00e7\u00e3o e Lideran\u00e7a no Mercado Automotivo - Balconista\",\"isPartOf\":{\"@id\":\"https:\\\/\\\/balconistasa.com\\\/#website\"},\"primaryImageOfPage\":{\"@id\":\"https:\\\/\\\/balconistasa.com\\\/?p=14019#primaryimage\"},\"image\":{\"@id\":\"https:\\\/\\\/balconistasa.com\\\/?p=14019#primaryimage\"},\"thumbnailUrl\":\"https:\\\/\\\/balconistasa.com\\\/wp-content\\\/uploads\\\/2025\\\/06\\\/SKF-na-Automec.jpg\",\"datePublished\":\"2025-05-26T18:01:00+00:00\",\"dateModified\":\"2025-06-26T18:18:04+00:00\",\"author\":{\"@id\":\"https:\\\/\\\/balconistasa.com\\\/#\\\/schema\\\/person\\\/398890570d486d38b72c5768bc8ff9ad\"},\"breadcrumb\":{\"@id\":\"https:\\\/\\\/balconistasa.com\\\/?p=14019#breadcrumb\"},\"inLanguage\":\"pt-BR\",\"potentialAction\":[{\"@type\":\"ReadAction\",\"target\":[\"https:\\\/\\\/balconistasa.com\\\/?p=14019\"]}]},{\"@type\":\"ImageObject\",\"inLanguage\":\"pt-BR\",\"@id\":\"https:\\\/\\\/balconistasa.com\\\/?p=14019#primaryimage\",\"url\":\"https:\\\/\\\/balconistasa.com\\\/wp-content\\\/uploads\\\/2025\\\/06\\\/SKF-na-Automec.jpg\",\"contentUrl\":\"https:\\\/\\\/balconistasa.com\\\/wp-content\\\/uploads\\\/2025\\\/06\\\/SKF-na-Automec.jpg\",\"width\":1922,\"height\":1080,\"caption\":\"SKF na Automec\"},{\"@type\":\"BreadcrumbList\",\"@id\":\"https:\\\/\\\/balconistasa.com\\\/?p=14019#breadcrumb\",\"itemListElement\":[{\"@type\":\"ListItem\",\"position\":1,\"name\":\"In\u00edcio\",\"item\":\"https:\\\/\\\/balconistasa.com\\\/\"},{\"@type\":\"ListItem\",\"position\":2,\"name\":\"A SKF na Automec: Tradi\u00e7\u00e3o, Inova\u00e7\u00e3o e Lideran\u00e7a no Mercado Automotivo\"}]},{\"@type\":\"WebSite\",\"@id\":\"https:\\\/\\\/balconistasa.com\\\/#website\",\"url\":\"https:\\\/\\\/balconistasa.com\\\/\",\"name\":\"Balconista\",\"description\":\"SA\",\"potentialAction\":[{\"@type\":\"SearchAction\",\"target\":{\"@type\":\"EntryPoint\",\"urlTemplate\":\"https:\\\/\\\/balconistasa.com\\\/?s={search_term_string}\"},\"query-input\":{\"@type\":\"PropertyValueSpecification\",\"valueRequired\":true,\"valueName\":\"search_term_string\"}}],\"inLanguage\":\"pt-BR\"},{\"@type\":\"Person\",\"@id\":\"https:\\\/\\\/balconistasa.com\\\/#\\\/schema\\\/person\\\/398890570d486d38b72c5768bc8ff9ad\",\"name\":\"Rafael Micheski\",\"image\":{\"@type\":\"ImageObject\",\"inLanguage\":\"pt-BR\",\"@id\":\"https:\\\/\\\/secure.gravatar.com\\\/avatar\\\/49143c29bebfe6f53855f52479af85b0cf165bef9959145e4cca90065124d1b4?s=96&d=mm&r=g\",\"url\":\"https:\\\/\\\/secure.gravatar.com\\\/avatar\\\/49143c29bebfe6f53855f52479af85b0cf165bef9959145e4cca90065124d1b4?s=96&d=mm&r=g\",\"contentUrl\":\"https:\\\/\\\/secure.gravatar.com\\\/avatar\\\/49143c29bebfe6f53855f52479af85b0cf165bef9959145e4cca90065124d1b4?s=96&d=mm&r=g\",\"caption\":\"Rafael Micheski\"},\"url\":\"https:\\\/\\\/balconistasa.com\\\/?author=9\"}]}<\/script>\n<!-- \/ Yoast SEO plugin. -->","yoast_head_json":{"title":"A SKF na Automec: Tradi\u00e7\u00e3o, Inova\u00e7\u00e3o e Lideran\u00e7a no Mercado Automotivo - Balconista","robots":{"index":"index","follow":"follow","max-snippet":"max-snippet:-1","max-image-preview":"max-image-preview:large","max-video-preview":"max-video-preview:-1"},"canonical":"https:\/\/balconistasa.com\/?p=14019","og_locale":"pt_BR","og_type":"article","og_title":"A SKF na Automec: Tradi\u00e7\u00e3o, Inova\u00e7\u00e3o e Lideran\u00e7a no Mercado Automotivo - Balconista","og_description":"A participa&ccedil;&atilde;o da SKF na Automec refor&ccedil;ou sua presen&ccedil;a como l&iacute;der no segmento de componentes automotivos e tamb&eacute;m seu compromisso com a dissemina&ccedil;&atilde;o de conhecimento e inova&ccedil;&atilde;o tecnol&oacute;gica no mercado de reposi&ccedil;&atilde;o. Como destacado por Maur&iacute;cio Ribeiro, gerente nacional de vendas da empresa no Brasil, a feira &eacute; um importante canal para aproximar a marca [&hellip;]","og_url":"https:\/\/balconistasa.com\/?p=14019","og_site_name":"Balconista","article_published_time":"2025-05-26T18:01:00+00:00","article_modified_time":"2025-06-26T18:18:04+00:00","og_image":[{"width":1922,"height":1080,"url":"https:\/\/balconistasa.com\/wp-content\/uploads\/2025\/06\/SKF-na-Automec.jpg","type":"image\/jpeg"}],"author":"Rafael Micheski","twitter_card":"summary_large_image","twitter_misc":{"Escrito por":"Rafael Micheski","Est. tempo de leitura":"3 minutos"},"schema":{"@context":"https:\/\/schema.org","@graph":[{"@type":"Article","@id":"https:\/\/balconistasa.com\/?p=14019#article","isPartOf":{"@id":"https:\/\/balconistasa.com\/?p=14019"},"author":{"name":"Rafael Micheski","@id":"https:\/\/balconistasa.com\/#\/schema\/person\/398890570d486d38b72c5768bc8ff9ad"},"headline":"A SKF na Automec: Tradi\u00e7\u00e3o, Inova\u00e7\u00e3o e Lideran\u00e7a no Mercado Automotivo","datePublished":"2025-05-26T18:01:00+00:00","dateModified":"2025-06-26T18:18:04+00:00","mainEntityOfPage":{"@id":"https:\/\/balconistasa.com\/?p=14019"},"wordCount":441,"image":{"@id":"https:\/\/balconistasa.com\/?p=14019#primaryimage"},"thumbnailUrl":"https:\/\/balconistasa.com\/wp-content\/uploads\/2025\/06\/SKF-na-Automec.jpg","keywords":["Automec","conhecimento","rolamentos","skf."],"articleSection":["Exclusivas","Autope\u00e7as","Balc\u00e3o","Entrevista","Especiais"],"inLanguage":"pt-BR"},{"@type":"WebPage","@id":"https:\/\/balconistasa.com\/?p=14019","url":"https:\/\/balconistasa.com\/?p=14019","name":"A SKF na Automec: Tradi\u00e7\u00e3o, Inova\u00e7\u00e3o e Lideran\u00e7a no Mercado Automotivo - Balconista","isPartOf":{"@id":"https:\/\/balconistasa.com\/#website"},"primaryImageOfPage":{"@id":"https:\/\/balconistasa.com\/?p=14019#primaryimage"},"image":{"@id":"https:\/\/balconistasa.com\/?p=14019#primaryimage"},"thumbnailUrl":"https:\/\/balconistasa.com\/wp-content\/uploads\/2025\/06\/SKF-na-Automec.jpg","datePublished":"2025-05-26T18:01:00+00:00","dateModified":"2025-06-26T18:18:04+00:00","author":{"@id":"https:\/\/balconistasa.com\/#\/schema\/person\/398890570d486d38b72c5768bc8ff9ad"},"breadcrumb":{"@id":"https:\/\/balconistasa.com\/?p=14019#breadcrumb"},"inLanguage":"pt-BR","potentialAction":[{"@type":"ReadAction","target":["https:\/\/balconistasa.com\/?p=14019"]}]},{"@type":"ImageObject","inLanguage":"pt-BR","@id":"https:\/\/balconistasa.com\/?p=14019#primaryimage","url":"https:\/\/balconistasa.com\/wp-content\/uploads\/2025\/06\/SKF-na-Automec.jpg","contentUrl":"https:\/\/balconistasa.com\/wp-content\/uploads\/2025\/06\/SKF-na-Automec.jpg","width":1922,"height":1080,"caption":"SKF na Automec"},{"@type":"BreadcrumbList","@id":"https:\/\/balconistasa.com\/?p=14019#breadcrumb","itemListElement":[{"@type":"ListItem","position":1,"name":"In\u00edcio","item":"https:\/\/balconistasa.com\/"},{"@type":"ListItem","position":2,"name":"A SKF na Automec: Tradi\u00e7\u00e3o, Inova\u00e7\u00e3o e Lideran\u00e7a no Mercado Automotivo"}]},{"@type":"WebSite","@id":"https:\/\/balconistasa.com\/#website","url":"https:\/\/balconistasa.com\/","name":"Balconista","description":"SA","potentialAction":[{"@type":"SearchAction","target":{"@type":"EntryPoint","urlTemplate":"https:\/\/balconistasa.com\/?s={search_term_string}"},"query-input":{"@type":"PropertyValueSpecification","valueRequired":true,"valueName":"search_term_string"}}],"inLanguage":"pt-BR"},{"@type":"Person","@id":"https:\/\/balconistasa.com\/#\/schema\/person\/398890570d486d38b72c5768bc8ff9ad","name":"Rafael Micheski","image":{"@type":"ImageObject","inLanguage":"pt-BR","@id":"https:\/\/secure.gravatar.com\/avatar\/49143c29bebfe6f53855f52479af85b0cf165bef9959145e4cca90065124d1b4?s=96&d=mm&r=g","url":"https:\/\/secure.gravatar.com\/avatar\/49143c29bebfe6f53855f52479af85b0cf165bef9959145e4cca90065124d1b4?s=96&d=mm&r=g","contentUrl":"https:\/\/secure.gravatar.com\/avatar\/49143c29bebfe6f53855f52479af85b0cf165bef9959145e4cca90065124d1b4?s=96&d=mm&r=g","caption":"Rafael Micheski"},"url":"https:\/\/balconistasa.com\/?author=9"}]}},"jetpack_featured_media_url":"https:\/\/balconistasa.com\/wp-content\/uploads\/2025\/06\/SKF-na-Automec.jpg","_links":{"self":[{"href":"https:\/\/balconistasa.com\/index.php?rest_route=\/wp\/v2\/posts\/14019","targetHints":{"allow":["GET"]}}],"collection":[{"href":"https:\/\/balconistasa.com\/index.php?rest_route=\/wp\/v2\/posts"}],"about":[{"href":"https:\/\/balconistasa.com\/index.php?rest_route=\/wp\/v2\/types\/post"}],"author":[{"embeddable":true,"href":"https:\/\/balconistasa.com\/index.php?rest_route=\/wp\/v2\/users\/9"}],"replies":[{"embeddable":true,"href":"https:\/\/balconistasa.com\/index.php?rest_route=%2Fwp%2Fv2%2Fcomments&post=14019"}],"version-history":[{"count":1,"href":"https:\/\/balconistasa.com\/index.php?rest_route=\/wp\/v2\/posts\/14019\/revisions"}],"predecessor-version":[{"id":14022,"href":"https:\/\/balconistasa.com\/index.php?rest_route=\/wp\/v2\/posts\/14019\/revisions\/14022"}],"wp:featuredmedia":[{"embeddable":true,"href":"https:\/\/balconistasa.com\/index.php?rest_route=\/wp\/v2\/media\/14020"}],"wp:attachment":[{"href":"https:\/\/balconistasa.com\/index.php?rest_route=%2Fwp%2Fv2%2Fmedia&parent=14019"}],"wp:term":[{"taxonomy":"category","embeddable":true,"href":"https:\/\/balconistasa.com\/index.php?rest_route=%2Fwp%2Fv2%2Fcategories&post=14019"},{"taxonomy":"post_tag","embeddable":true,"href":"https:\/\/balconistasa.com\/index.php?rest_route=%2Fwp%2Fv2%2Ftags&post=14019"}],"curies":[{"name":"wp","href":"https:\/\/api.w.org\/{rel}","templated":true}]}}